{"id":158493,"date":"2016-03-15T09:00:38","date_gmt":"2016-03-15T08:00:38","guid":{"rendered":"http:\/\/www.monblogdefille.com\/blog\/?p=158493"},"modified":"2016-11-10T21:30:41","modified_gmt":"2016-11-10T20:30:41","slug":"delices-de-printemps","status":"publish","type":"post","link":"https:\/\/www.monblogdefille.com\/blog\/delices-de-printemps\/","title":{"rendered":"D\u00e9lices de printemps"},"content":{"rendered":"<p><img loading=\"lazy\" decoding=\"async\" class=\"aligncenter size-full wp-image-158494\" src=\"http:\/\/www.monblogdefille.com\/blog\/wp-content\/uploads\/2016\/03\/parfums_aerin_crabtree.jpg\" alt=\"parfums_aerin_crabtree\" width=\"700\" height=\"556\" srcset=\"https:\/\/www.monblogdefille.com\/blog\/wp-content\/uploads\/2016\/03\/parfums_aerin_crabtree.jpg 700w, https:\/\/www.monblogdefille.com\/blog\/wp-content\/uploads\/2016\/03\/parfums_aerin_crabtree-300x238.jpg 300w\" sizes=\"auto, (max-width: 700px) 100vw, 700px\" \/><\/p>\n<p>Je crois que je commence \u00e0 piger le coup du parfum d&rsquo;\u00e9t\u00e9 et du parfum d&rsquo;hiver (jusqu&rsquo;ici je ne me sentais pas du tout concern\u00e9e, mais je n&rsquo;avais pas SEPT parfums en cours) (moi n&rsquo;en ai pas port\u00e9 une goutte pendant cinq ans !) (quand je vous dis que je ne fais pas les choses \u00e0 moiti\u00e9 ;-).<\/p>\n<p>Parce que je ne suis pas s\u00fbre que j&rsquo;aurai envie de porter le <a href=\"http:\/\/www.monblogdefille.com\/blog\/le-fabuleux-chene-de-monsieur-lutens\" target=\"_blank\"><strong>Ch\u00eane de Lutens<\/strong><\/a> en pleine canicule de juillet, et parce que je viens de d\u00e9couvrir deux merveilles qui \u00e9voquent tellement fort le printemps !<\/p>\n<p>Le premier est l&rsquo;eau de toilette <strong><a href=\"http:\/\/tinyurl.com\/hw56bhl\" target=\"_blank\" rel=\"noopener\">Somerset Meadow de Crabtree &amp; Evelyn<\/a><\/strong> (oui je sais, je vous ai parl\u00e9 de leur <a href=\"http:\/\/www.monblogdefille.com\/blog\/le-dupe-de-parfum-existe-aussi\" target=\"_blank\"><strong>Evelyn Rose<\/strong><\/a> la semaine derni\u00e8re, je suis en pleine phase de tests tous azimuts ! ;-). J&rsquo;ai eu envie de l&rsquo;essayer parce que la description me faisait envie, je pariais assez fort sur le fait que \u00e7a ne serait pas sucr\u00e9 mais bien acidul\u00e9 comme j&rsquo;aime tout en \u00e9tant subtil et nuanc\u00e9.<br \/>\nC&rsquo;est tr\u00e8s int\u00e9ressant parce que je n&rsquo;ai jamais port\u00e9 de parfums fruit\u00e9s et celui-ci l&rsquo;est sans aucun doute, mais d&rsquo;une fa\u00e7on si fra\u00eeche et peu envahissante qu&rsquo;il me pla\u00eet \u00e9norm\u00e9ment. Il est vif et joyeux, je ne vois pas comment le d\u00e9crire autrement.<\/p>\n<p>Il ressemble pas mal au second, la magnifique eau de parfum <a href=\"http:\/\/tinyurl.com\/jnmxsop\" target=\"_blank\" rel=\"noopener\"><strong>Waterlily Sun d&rsquo;AERIN<\/strong><\/a> (Aerin Lauder est la petite-fille d&rsquo;Est\u00e9e Lauder) ; ils ont d&rsquo;ailleurs en commun le n\u00e9nuphar et les notes vertes. Waterlily Sun a aussi une note acidul\u00e9e tr\u00e8s pr\u00e9sente (la bergamote de Sicile) qui \u00e9volue d\u00e9licieusement sur moi et que j&rsquo;adore\u00a0 !<\/p>\n<p>Lui aussi est un parfum bonne humeur, joyeux, p\u00e9tillant, vivifiant. Ils viennent d&rsquo;univers tr\u00e8s diff\u00e9rents (les prix le sont aussi), mais je crois que je les aime autant l&rsquo;un que l&rsquo;autre. Et ils \u00e9voquent tellement le printemps pour moi que je ne vais sans doute pas beaucoup les quitter dans les semaines qui viennent ;-)<\/p>\n<p>(je crois que je ne vais pas r\u00e9ussir \u00e0 jeter les boites, elles sont trop jolies)<\/p>\n","protected":false},"excerpt":{"rendered":"<p><img loading=\"lazy\" decoding=\"async\" class=\"aligncenter size-full wp-image-158494\" src=\"http:\/\/www.monblogdefille.com\/blog\/wp-content\/uploads\/2016\/03\/parfums_aerin_crabtree.jpg\" alt=\"parfums_aerin_crabtree\" width=\"700\" height=\"556\" srcset=\"https:\/\/www.monblogdefille.com\/blog\/wp-content\/uploads\/2016\/03\/parfums_aerin_crabtree.jpg 700w, https:\/\/www.monblogdefille.com\/blog\/wp-content\/uploads\/2016\/03\/parfums_aerin_crabtree-300x238.jpg 300w\" sizes=\"auto, (max-width: 700px) 100vw, 700px\" \/><\/p>\n","protected":false},"author":3,"featured_media":158494,"comment_status":"open","ping_status":"open","sticky":false,"template":"","format":"standard","meta":{"footnotes":""},"categories":[20099],"tags":[20196,20100],"class_list":["post-158493","post","type-post","status-publish","format-standard","has-post-thumbnail","hentry","category-parfum","tag-estee-lauder","tag-parfum"],"_links":{"self":[{"href":"https:\/\/www.monblogdefille.com\/blog\/wp-json\/wp\/v2\/posts\/158493","targetHints":{"allow":["GET"]}}],"collection":[{"href":"https:\/\/www.monblogdefille.com\/blog\/wp-json\/wp\/v2\/posts"}],"about":[{"href":"https:\/\/www.monblogdefille.com\/blog\/wp-json\/wp\/v2\/types\/post"}],"author":[{"embeddable":true,"href":"https:\/\/www.monblogdefille.com\/blog\/wp-json\/wp\/v2\/users\/3"}],"replies":[{"embeddable":true,"href":"https:\/\/www.monblogdefille.com\/blog\/wp-json\/wp\/v2\/comments?post=158493"}],"version-history":[{"count":0,"href":"https:\/\/www.monblogdefille.com\/blog\/wp-json\/wp\/v2\/posts\/158493\/revisions"}],"wp:featuredmedia":[{"embeddable":true,"href":"https:\/\/www.monblogdefille.com\/blog\/wp-json\/wp\/v2\/media\/158494"}],"wp:attachment":[{"href":"https:\/\/www.monblogdefille.com\/blog\/wp-json\/wp\/v2\/media?parent=158493"}],"wp:term":[{"taxonomy":"category","embeddable":true,"href":"https:\/\/www.monblogdefille.com\/blog\/wp-json\/wp\/v2\/categories?post=158493"},{"taxonomy":"post_tag","embeddable":true,"href":"https:\/\/www.monblogdefille.com\/blog\/wp-json\/wp\/v2\/tags?post=158493"}],"curies":[{"name":"wp","href":"https:\/\/api.w.org\/{rel}","templated":true}]}}