{"id":158444,"date":"2016-03-08T09:00:43","date_gmt":"2016-03-08T08:00:43","guid":{"rendered":"http:\/\/www.monblogdefille.com\/blog\/?p=158444"},"modified":"2016-03-11T09:49:48","modified_gmt":"2016-03-11T08:49:48","slug":"what-you-dont-see-47","status":"publish","type":"post","link":"https:\/\/www.monblogdefille.com\/blog\/what-you-dont-see-47\/","title":{"rendered":"What you don&rsquo;t see"},"content":{"rendered":"<p><a href=\"http:\/\/www.monblogdefille.com\/blog\/wp-content\/uploads\/2016\/03\/what-you-dont-see-61-bis.jpg\" target=\"_blank\"><img loading=\"lazy\" decoding=\"async\" class=\"aligncenter size-full wp-image-158445\" src=\"http:\/\/www.monblogdefille.com\/blog\/wp-content\/uploads\/2016\/03\/what-you-dont-see-61.jpg\" alt=\"what you dont see 61\" width=\"700\" height=\"700\" srcset=\"https:\/\/www.monblogdefille.com\/blog\/wp-content\/uploads\/2016\/03\/what-you-dont-see-61.jpg 700w, https:\/\/www.monblogdefille.com\/blog\/wp-content\/uploads\/2016\/03\/what-you-dont-see-61-300x300.jpg 300w\" sizes=\"auto, (max-width: 700px) 100vw, 700px\" \/><\/a><\/p>\n<p><em>(cliquez sur la photo pour voir les images en plus grand ; si votre navigateur vous affiche le nouveau montage en tout petit, cliquez une fois dessus et vous aurez la bonne taille)<\/em><\/p>\n<p>Ma photo pr\u00e9f\u00e9r\u00e9e, c&rsquo;est cette vieille p\u00e9niche qui contraste magnifiquement avec l&rsquo;architecture du Louvre (j&rsquo;aime bien aussi les grues dans le fond). Et juste apr\u00e8s, cette porte de l&rsquo;avenue Montaigne devant laquelle je passe depuis des ann\u00e9es en bus avec l&rsquo;envie de la photographier, et que j&rsquo;ai enfin \u00ab\u00a0captur\u00e9e\u00a0\u00bb.<\/p>\n<p>(vous pouvez voir plus de photos et leurs l\u00e9gendes directement sur mon compte <a href=\"http:\/\/instagram.com\/monblogdefille\" target=\"_blank\" rel=\"noopener\"><strong>Instagram<\/strong><\/a>).<\/p>\n","protected":false},"excerpt":{"rendered":"<p>(cliquez sur la photo pour voir les images en plus grand ; si votre navigateur vous affiche le nouveau montage en tout petit, cliquez une fois dessus et vous aurez la bonne taille) Ma photo&#8230;<br \/> <a class=\"read-more\" href=\"https:\/\/www.monblogdefille.com\/blog\/what-you-dont-see-47\/\">Lire la suite \u00bb<\/a><\/p>\n","protected":false},"author":3,"featured_media":158445,"comment_status":"open","ping_status":"open","sticky":false,"template":"","format":"standard","meta":{"footnotes":""},"categories":[20102],"tags":[20131],"class_list":["post-158444","post","type-post","status-publish","format-standard","has-post-thumbnail","hentry","category-quelques-touches-de-beaute-dans-un-monde-de-brutes","tag-instagram"],"_links":{"self":[{"href":"https:\/\/www.monblogdefille.com\/blog\/wp-json\/wp\/v2\/posts\/158444","targetHints":{"allow":["GET"]}}],"collection":[{"href":"https:\/\/www.monblogdefille.com\/blog\/wp-json\/wp\/v2\/posts"}],"about":[{"href":"https:\/\/www.monblogdefille.com\/blog\/wp-json\/wp\/v2\/types\/post"}],"author":[{"embeddable":true,"href":"https:\/\/www.monblogdefille.com\/blog\/wp-json\/wp\/v2\/users\/3"}],"replies":[{"embeddable":true,"href":"https:\/\/www.monblogdefille.com\/blog\/wp-json\/wp\/v2\/comments?post=158444"}],"version-history":[{"count":0,"href":"https:\/\/www.monblogdefille.com\/blog\/wp-json\/wp\/v2\/posts\/158444\/revisions"}],"wp:featuredmedia":[{"embeddable":true,"href":"https:\/\/www.monblogdefille.com\/blog\/wp-json\/wp\/v2\/media\/158445"}],"wp:attachment":[{"href":"https:\/\/www.monblogdefille.com\/blog\/wp-json\/wp\/v2\/media?parent=158444"}],"wp:term":[{"taxonomy":"category","embeddable":true,"href":"https:\/\/www.monblogdefille.com\/blog\/wp-json\/wp\/v2\/categories?post=158444"},{"taxonomy":"post_tag","embeddable":true,"href":"https:\/\/www.monblogdefille.com\/blog\/wp-json\/wp\/v2\/tags?post=158444"}],"curies":[{"name":"wp","href":"https:\/\/api.w.org\/{rel}","templated":true}]}}