{"id":158285,"date":"2016-02-19T09:00:43","date_gmt":"2016-02-19T08:00:43","guid":{"rendered":"http:\/\/www.monblogdefille.com\/blog\/?p=158285"},"modified":"2016-02-23T11:19:19","modified_gmt":"2016-02-23T10:19:19","slug":"mes-astuces-anti-teint-terne-chez-avene","status":"publish","type":"post","link":"https:\/\/www.monblogdefille.com\/blog\/mes-astuces-anti-teint-terne-chez-avene\/","title":{"rendered":"Mes astuces anti teint terne chez Av\u00e8ne"},"content":{"rendered":"<p><img loading=\"lazy\" decoding=\"async\" class=\"aligncenter size-full wp-image-158286\" src=\"http:\/\/www.monblogdefille.com\/blog\/wp-content\/uploads\/2016\/02\/teint_terne_avene700.jpg\" alt=\"teint_terne_avene700\" width=\"700\" height=\"551\" srcset=\"https:\/\/www.monblogdefille.com\/blog\/wp-content\/uploads\/2016\/02\/teint_terne_avene700.jpg 700w, https:\/\/www.monblogdefille.com\/blog\/wp-content\/uploads\/2016\/02\/teint_terne_avene700-300x236.jpg 300w\" sizes=\"auto, (max-width: 700px) 100vw, 700px\" \/><\/p>\n<p>Je suis ravie, le sujet de mon billet du mois <strong><a href=\"http:\/\/blog.eau-thermale-avene.com\/blog\/2016\/mes-astuces-anti-teint-terne\/\" target=\"_blank\" rel=\"noopener\">chez Av\u00e8ne<\/a><\/strong> est le teint terne, or je voulais justement vous en parler tellement c&rsquo;est LE sujet du moment (non mais f\u00e9vrier quoi, creux de l&rsquo;hiver et traits tir\u00e9s, help).<\/p>\n<p>J&rsquo;ai donc fait pour vous une compil&rsquo; de ce qui me semble le plus important pour lutter contre la ternitude, et que perso j&rsquo;applique presque tous les jours en ce moment parce que j&rsquo;en ai bien besoin !<\/p>\n<p>Allez voir et dites-moi (l\u00e0 -bas ou ici, je lis aussi les commentaires l\u00e0-bas, pas d&rsquo;inqui\u00e9tude ;-) si vous avez d&rsquo;autres astuces infaillibles sur le sujet !<\/p>\n","protected":false},"excerpt":{"rendered":"<p><img loading=\"lazy\" decoding=\"async\" class=\"aligncenter size-full wp-image-158286\" src=\"http:\/\/www.monblogdefille.com\/blog\/wp-content\/uploads\/2016\/02\/teint_terne_avene700.jpg\" alt=\"teint_terne_avene700\" width=\"700\" height=\"551\" srcset=\"https:\/\/www.monblogdefille.com\/blog\/wp-content\/uploads\/2016\/02\/teint_terne_avene700.jpg 700w, https:\/\/www.monblogdefille.com\/blog\/wp-content\/uploads\/2016\/02\/teint_terne_avene700-300x236.jpg 300w\" sizes=\"auto, (max-width: 700px) 100vw, 700px\" \/><\/p>\n","protected":false},"author":3,"featured_media":158286,"comment_status":"open","ping_status":"open","sticky":false,"template":"","format":"standard","meta":{"footnotes":""},"categories":[1483,1485,1489],"tags":[19995,20089,19975],"class_list":["post-158285","post","type-post","status-publish","format-standard","has-post-thumbnail","hentry","category-astuces","category-le-maquillage","category-le-soin","tag-avene","tag-hydratation","tag-teint-parfait"],"_links":{"self":[{"href":"https:\/\/www.monblogdefille.com\/blog\/wp-json\/wp\/v2\/posts\/158285","targetHints":{"allow":["GET"]}}],"collection":[{"href":"https:\/\/www.monblogdefille.com\/blog\/wp-json\/wp\/v2\/posts"}],"about":[{"href":"https:\/\/www.monblogdefille.com\/blog\/wp-json\/wp\/v2\/types\/post"}],"author":[{"embeddable":true,"href":"https:\/\/www.monblogdefille.com\/blog\/wp-json\/wp\/v2\/users\/3"}],"replies":[{"embeddable":true,"href":"https:\/\/www.monblogdefille.com\/blog\/wp-json\/wp\/v2\/comments?post=158285"}],"version-history":[{"count":0,"href":"https:\/\/www.monblogdefille.com\/blog\/wp-json\/wp\/v2\/posts\/158285\/revisions"}],"wp:featuredmedia":[{"embeddable":true,"href":"https:\/\/www.monblogdefille.com\/blog\/wp-json\/wp\/v2\/media\/158286"}],"wp:attachment":[{"href":"https:\/\/www.monblogdefille.com\/blog\/wp-json\/wp\/v2\/media?parent=158285"}],"wp:term":[{"taxonomy":"category","embeddable":true,"href":"https:\/\/www.monblogdefille.com\/blog\/wp-json\/wp\/v2\/categories?post=158285"},{"taxonomy":"post_tag","embeddable":true,"href":"https:\/\/www.monblogdefille.com\/blog\/wp-json\/wp\/v2\/tags?post=158285"}],"curies":[{"name":"wp","href":"https:\/\/api.w.org\/{rel}","templated":true}]}}