{"id":158101,"date":"2016-01-21T09:00:14","date_gmt":"2016-01-21T08:00:14","guid":{"rendered":"http:\/\/www.monblogdefille.com\/blog\/?p=158101"},"modified":"2020-05-31T15:29:14","modified_gmt":"2020-05-31T13:29:14","slug":"je-suis-retournee-au-derma-center","status":"publish","type":"post","link":"https:\/\/www.monblogdefille.com\/blog\/je-suis-retournee-au-derma-center\/","title":{"rendered":"Je suis retourn\u00e9e au Derma Center"},"content":{"rendered":"<p><img loading=\"lazy\" decoding=\"async\" class=\"aligncenter size-full wp-image-156850\" src=\"http:\/\/www.monblogdefille.com\/blog\/wp-content\/uploads\/2015\/08\/derma_center_1.jpg\" alt=\"derma_center_1\" width=\"700\" height=\"670\" srcset=\"https:\/\/www.monblogdefille.com\/blog\/wp-content\/uploads\/2015\/08\/derma_center_1.jpg 700w, https:\/\/www.monblogdefille.com\/blog\/wp-content\/uploads\/2015\/08\/derma_center_1-300x287.jpg 300w\" sizes=\"auto, (max-width: 700px) 100vw, 700px\" \/><\/p>\n<p>(cette fois j&rsquo;y suis all\u00e9e sans aucun maquillage, vu que le SPF &#8211; non indiqu\u00e9 &#8211; de mon fond de teint avait perturb\u00e9 les donn\u00e9es la premi\u00e8re fois)<\/p>\n<p>J&rsquo;y avais fait <strong><a href=\"http:\/\/www.monblogdefille.com\/blog\/ma-visite-au-derma-center\" target=\"_blank\" rel=\"noopener noreferrer\">une premi\u00e8re visite<\/a><\/strong> le 28 ao\u00fbt, j&rsquo;ai donc suivi pendant 4 mois la routine de soins pr\u00e9conis\u00e9e par Fanny pour rem\u00e9dier \u00e0 <strong>mon probl\u00e8me principal, les ridules et rides du contour d&rsquo;oeil<\/strong> (pour le visage j&rsquo;ai fait comme je le sentais vu que tout allait bien).<\/p>\n<p><strong>R\u00e9sultat<\/strong> : macache. Rien. Aucune diff\u00e9rence. On \u00e9tait aussi stup\u00e9faites l&rsquo;une que l&rsquo;autre, et Fanny a admis avec la tranquillit\u00e9 de celle qui connait la valeur de ses produits et de ses conseils \u00ab\u00a0et bien l&rsquo;Hydraphase Intense Yeux ne marche pas sur vous\u00a0\u00bb, avant de s&rsquo;atteler \u00e0 chercher une nouvelle solution J&rsquo;ai beaucoup aim\u00e9 cette r\u00e9action franche et honn\u00eate (comme je dis toujours, aucun produit n&rsquo;est universel).<\/p>\n<p>Sur <strong>le reste<\/strong> elle a constat\u00e9 une belle peau, bonne texture, pas de d\u00e9shydratation, pas de rides en dehors du contour d&rsquo;oeil, et des dommages d\u00fbs au soleil moindres que ce que je craignais. J&rsquo;ai cram\u00e9 34 % de mon capital soleil alors que je croyais la situation bien pire. C&rsquo;est parce que j&rsquo;ai totalement cess\u00e9 de mettre mon visage au soleil depuis 10 ans.<\/p>\n<p>Par contre j&rsquo;ai des <strong>taches de soleil<\/strong> sur le contour d&rsquo;oeil, notamment \u00e0 gauche (ce qui explique enfin ce cerne gauche infernal !). La localisation de ces taches est due \u00e0 la r\u00e9verb\u00e9ration des lunettes de soleil, et au fait qu&rsquo;on ne porte pas assez souvent un SPF sur le contour d&rsquo;oeil.<\/p>\n<p>Ma peau sur le <strong>reste du visage<\/strong> pourrait cependant \u00eatre un tout petit poil plus nettoy\u00e9e, mais surtout sans aucune agression. Fanny m&rsquo;a donc d\u00e9conseill\u00e9 les gommages (\u00ab\u00a0votre grain de peau est parfait et vous n&rsquo;avez pas de rougeurs, n&rsquo;allons surtout pas perturber tout \u00e7a\u00a0\u00bb), tout ce qui ressemble \u00e0 du double nettoyage et toute lotion contenant de l&rsquo;alcool.<\/p>\n<p>Elle m&rsquo;a dit que le simple fait de passer un coup de <strong>lotion douce ou d&rsquo;eau florale<\/strong> pour terminer mon nettoyage du soir, apr\u00e8s mon pschitt d&rsquo;eau thermale, pourrait r\u00e9soudre le truc. J&rsquo;\u00e9tais sci\u00e9e, jamais je n&rsquo;aurais pens\u00e9 qu&rsquo;un geste aussi doux puisse suffire, c&rsquo;est tellement int\u00e9ressant d&rsquo;avoir un conseil aussi pointu, qui sort des normes et de ce qu&rsquo;on entend le plus souvent. Je fais donc \u00e7a avec ma <strong><a href=\"http:\/\/tinyurl.com\/o6jjzvp\" target=\"_blank\" rel=\"noopener noreferrer\">lotion Kiehl&rsquo;s au concombre<\/a><\/strong>.<\/p>\n<p>Pour <strong>mon contour d&rsquo;oeil<\/strong> Fanny a bien r\u00e9fl\u00e9chi avec Patricia, la pharmacienne qui travaille au Derma Center (que je n&rsquo;avais pas encore rencontr\u00e9e et qui est aussi pr\u00e9cise et passionn\u00e9e que Fanny) et elles sont arriv\u00e9es \u00e0 la conclusion qu&rsquo;il fallait faire du layering (ce que je fais d\u00e9j\u00e0 un peu vu que j&rsquo;ai 2 produits, mais on peut faire plus) (Patricia l&rsquo;a fait pour son contour d&rsquo;oeil et le r\u00e9sultat a \u00e9t\u00e9 hyper satisfaisant, elle m&rsquo;a montr\u00e9 les photos prises par la machine magique) :<\/p>\n<p>&#8211; tenter le <a href=\"http:\/\/tinyurl.com\/od7cz8n\" target=\"_blank\" rel=\"noopener noreferrer\"><strong>s\u00e9rum Hydrating B5 de Skin Ceuticals<\/strong><\/a> sur mon contour d&rsquo;oeil vu qu&rsquo;il est super hydratant. Je le fais donc depuis une semaine, matin et soir, avec le <a href=\"http:\/\/tinyurl.com\/zhs592m\" target=\"_blank\" rel=\"noopener noreferrer\"><strong>S\u00e9rum RHA de Teoxane<\/strong><\/a> (dont je vous parle dans <strong><a href=\"http:\/\/www.monblogdefille.com\/blog\/mes-soins-visage-janvier-2016\" target=\"_blank\" rel=\"noopener noreferrer\">ma derni\u00e8re vid\u00e9o soins<\/a><\/strong>) puisqu&rsquo;il me sert pour le reste du visage ; ma peau du contour d&rsquo;oeil le tol\u00e8re tr\u00e8s bien. Je crois que je vais faire les trois mois comme \u00e7a, c&rsquo;est un bon test produit, \u00e7a m&rsquo;int\u00e9resse.<\/p>\n<p>&#8211; ajouter par dessus le <strong><a href=\"http:\/\/tinyurl.com\/hbn6ly6\" target=\"_blank\" rel=\"noopener noreferrer\">s\u00e9rum AOX Eye Gel<\/a><\/strong> uniquement le matin pour l&rsquo;action de la vitamine C. Mais la vitamine C, pourtant pas trop fortement dos\u00e9e (5%) me fout la trouille et je n&rsquo;ai pas commenc\u00e9 ce produit.<\/p>\n<p>&#8211; et enfin le <strong><a href=\"http:\/\/tinyurl.com\/nokx7t2\" target=\"_blank\" rel=\"noopener noreferrer\">A.G.E Eye Complex<\/a><\/strong> matin et soir, produit que je connais depuis un moment et que j&rsquo;aime beaucoup. Je vais quand m\u00eame finir mon <strong><a href=\"http:\/\/tinyurl.com\/lbjm2rg\" target=\"_blank\" rel=\"noopener noreferrer\">S\u00e9r\u00e9nage d&rsquo;Av\u00e8ne<\/a><\/strong> le soir et ma <strong><a href=\"http:\/\/tinyurl.com\/n7skwjy\" target=\"_blank\" rel=\"noopener noreferrer\">cr\u00e8me \u00e0 l&rsquo;avocat de Kiehl&rsquo;s<\/a><\/strong> le matin, si je change je vous dirai.<\/p>\n<p>&#8211; pour finir, le <a href=\"http:\/\/tinyurl.com\/hccsarb\" target=\"_blank\" rel=\"noopener noreferrer\"><strong>Mineral Eye Complex<\/strong><\/a>, un SPF sp\u00e9cial contour d&rsquo;oeil ne contenant que des filtres min\u00e9raux, pour les jours o\u00f9 mon visage est expos\u00e9 aux UV. Tout \u00e7a, toujours chez <strong>Skin Ceuticals<\/strong> (je l&rsquo;ai d\u00e9j\u00e0 utilis\u00e9 deux fois, il est tr\u00e8s agr\u00e9able, un poil teint\u00e9 et pas dess\u00e9chant).<\/p>\n<p>(non mais vous comprenez pourquoi j&rsquo;ai du mal \u00e0 tenir <a href=\"http:\/\/www.monblogdefille.com\/blog\/avez-vous-pris-des-resolutions-liees-a-la-beaute-pour-2016\" target=\"_blank\" rel=\"noopener noreferrer\"><strong>mes r\u00e9solutions<\/strong><\/a> ?? ;-))<\/p>\n<p>Pour <strong>le visage<\/strong> Fanny m&rsquo;a dit de ne pas changer mes produits actuels vu que ma peau en a l&rsquo;air tr\u00e8s contente (\u00e7a tombe bien, j&rsquo;en suis contente aussi ;-). Et elle m&rsquo;a trouv\u00e9 chez <strong><a href=\"http:\/\/tinyurl.com\/jj8dc68\" target=\"_blank\" rel=\"noopener noreferrer\">La Roche Posay un stick solaire zones sensibles<\/a><\/strong> avec des filtres min\u00e9raux, parfait \u00e0 avoir dans son sac pour une retouche (id\u00e9al notamment pour le contour d&rsquo;oeil).<\/p>\n<p>Elle a eu la gentillesse de me donner aussi un <strong><a href=\"http:\/\/tinyurl.com\/hrv48ge\" target=\"_blank\" rel=\"noopener noreferrer\">\u00e9cran min\u00e9ral visage<\/a> <\/strong>(<strong>Skin Ceuticals<\/strong> toujours), parce que j&rsquo;ai constat\u00e9 que ma peau r\u00e9agissait mal, depuis quelques mois, aux filtres chimiques (comme une allergie mais imm\u00e9diatement apr\u00e8s avoir appliqu\u00e9 le produit, au secours ! Vous imaginez, moi, ne plus pouvoir porter d&rsquo;\u00e9cran solaire sur le visage ?? Heureusement qu&rsquo;il y a les filtres min\u00e9raux !).<\/p>\n<p>Voil\u00e0. C&rsquo;\u00e9tait un peu long mais je voulais vraiment tout vous raconter en d\u00e9tail, c&rsquo;est important pour moi et je trouve \u00e7a tellement int\u00e9ressant !!<\/p>\n<p>Je vais maintenant suivre cette routine contour d&rsquo;oeil pendant trois mois, c&rsquo;est le temps qu&rsquo;il faut pour voir une vraie diff\u00e9rence. Et puis j&rsquo;y retournerai et je vous ferai un nouveau rapport ;-)<\/p>\n<p><strong><em>Derma Center<\/em><\/strong><br \/>\n13 rue des Francs Bourgeois (m\u00e9tro Saint Paul)<br \/>\n75004 Paris<br \/>\nOuvert de 11h \u00e0 19h du mardi au dimanche<\/p>\n<p><strong>Edit :<\/strong> j&rsquo;ai oubli\u00e9 un truc hyper important : on ne voit pas de taches de soleil sur mon front avec la machine (mais on en voit des petites sur le reste du visage), alors qu&rsquo;il y a 6 ans j&rsquo;avais un <a href=\"http:\/\/www.monblogdefille.com\/blog\/le-melasma\" target=\"_blank\" rel=\"noopener noreferrer\"><strong>melasma<\/strong><\/a> en b\u00e9ton arm\u00e9 sur cette zone.<br \/>\nFanny pense que parfois \u00e7a peut \u00eatre r\u00e9versible si on se prot\u00e8ge tr\u00e8s bien pendant longtemps, ce qui est mon cas puisqu&rsquo;en vacances j&rsquo;ai <strong>TOUJOURS un chapeau<\/strong>, donc mon front n&rsquo;est jamais jamais expos\u00e9 aux UV (et le reste du temps comme vous savez, je marche \u00e0 l&rsquo;ombre).<br \/>\nEt \u00e7a prouve aussi que <strong>la cr\u00e8me ne suffit pas pour prot\u00e9ger compl\u00e8tement<\/strong>, m\u00eame en 50 et m\u00eame r\u00e9appliqu\u00e9e souvent (on le savait d\u00e9j\u00e0 mais le redire ne fait pas de mal), puisque sur les zones non prot\u00e9g\u00e9es par mon chapeau (bords pas assez larges !), il y a des taches.<\/p>\n","protected":false},"excerpt":{"rendered":"<p><img loading=\"lazy\" decoding=\"async\" class=\"aligncenter size-full wp-image-156850\" src=\"http:\/\/www.monblogdefille.com\/blog\/wp-content\/uploads\/2015\/08\/derma_center_1.jpg\" alt=\"derma_center_1\" width=\"700\" height=\"670\" srcset=\"https:\/\/www.monblogdefille.com\/blog\/wp-content\/uploads\/2015\/08\/derma_center_1.jpg 700w, https:\/\/www.monblogdefille.com\/blog\/wp-content\/uploads\/2015\/08\/derma_center_1-300x287.jpg 300w\" sizes=\"auto, (max-width: 700px) 100vw, 700px\" \/><\/p>\n","protected":false},"author":3,"featured_media":156850,"comment_status":"open","ping_status":"open","sticky":false,"template":"","format":"standard","meta":{"footnotes":""},"categories":[1489],"tags":[20064,19989,20201,20089,20258,19961],"class_list":["post-158101","post","type-post","status-publish","format-standard","has-post-thumbnail","hentry","category-le-soin","tag-anti-rides","tag-contour-des-yeux","tag-dermacenter","tag-hydratation","tag-melasma","tag-soleil"],"_links":{"self":[{"href":"https:\/\/www.monblogdefille.com\/blog\/wp-json\/wp\/v2\/posts\/158101","targetHints":{"allow":["GET"]}}],"collection":[{"href":"https:\/\/www.monblogdefille.com\/blog\/wp-json\/wp\/v2\/posts"}],"about":[{"href":"https:\/\/www.monblogdefille.com\/blog\/wp-json\/wp\/v2\/types\/post"}],"author":[{"embeddable":true,"href":"https:\/\/www.monblogdefille.com\/blog\/wp-json\/wp\/v2\/users\/3"}],"replies":[{"embeddable":true,"href":"https:\/\/www.monblogdefille.com\/blog\/wp-json\/wp\/v2\/comments?post=158101"}],"version-history":[{"count":0,"href":"https:\/\/www.monblogdefille.com\/blog\/wp-json\/wp\/v2\/posts\/158101\/revisions"}],"wp:featuredmedia":[{"embeddable":true,"href":"https:\/\/www.monblogdefille.com\/blog\/wp-json\/wp\/v2\/media\/156850"}],"wp:attachment":[{"href":"https:\/\/www.monblogdefille.com\/blog\/wp-json\/wp\/v2\/media?parent=158101"}],"wp:term":[{"taxonomy":"category","embeddable":true,"href":"https:\/\/www.monblogdefille.com\/blog\/wp-json\/wp\/v2\/categories?post=158101"},{"taxonomy":"post_tag","embeddable":true,"href":"https:\/\/www.monblogdefille.com\/blog\/wp-json\/wp\/v2\/tags?post=158101"}],"curies":[{"name":"wp","href":"https:\/\/api.w.org\/{rel}","templated":true}]}}