{"id":158093,"date":"2016-01-20T09:00:47","date_gmt":"2016-01-20T08:00:47","guid":{"rendered":"http:\/\/www.monblogdefille.com\/blog\/?p=158093"},"modified":"2016-01-24T11:36:46","modified_gmt":"2016-01-24T10:36:46","slug":"la-boutique-urban-decay-de-paris-est-toujours-ouverte","status":"publish","type":"post","link":"https:\/\/www.monblogdefille.com\/blog\/la-boutique-urban-decay-de-paris-est-toujours-ouverte\/","title":{"rendered":"La boutique Urban Decay de Paris est toujours ouverte !"},"content":{"rendered":"<p><img loading=\"lazy\" decoding=\"async\" class=\"aligncenter size-full wp-image-157706\" src=\"http:\/\/www.monblogdefille.com\/blog\/wp-content\/uploads\/2015\/11\/master_class_urban_decay1.jpg\" alt=\"master_class_urban_decay1\" width=\"700\" height=\"504\" srcset=\"https:\/\/www.monblogdefille.com\/blog\/wp-content\/uploads\/2015\/11\/master_class_urban_decay1.jpg 700w, https:\/\/www.monblogdefille.com\/blog\/wp-content\/uploads\/2015\/11\/master_class_urban_decay1-300x216.jpg 300w\" sizes=\"auto, (max-width: 700px) 100vw, 700px\" \/><\/p>\n<p>Vous savez, ils avaient pr\u00e9vu de fermer le 31 d\u00e9cembre, pour faire des travaux et la transformer en boutique d\u00e9finitive.<\/p>\n<p>Et bien les travaux on \u00e9t\u00e9 repouss\u00e9s au mois de juin, on peut donc continuer d&rsquo;y aller pour prendre des le\u00e7ons de maquillage ou acheter des produits Urban Decay (notamment ceux qu&rsquo;on ne trouve pas chez Sephora &#8211; mais qu&rsquo;on trouve aussi <strong><a href=\"http:\/\/www.urbandecay.fr\/\" target=\"_blank\" rel=\"noopener\">sur le site de la marque<\/a><\/strong>). Et ensuite \u00e7a deviendra donc une boutique pour de bon !<\/p>\n<p>Les <strong>master classes<\/strong> se font sur inscription <strong><a href=\"https:\/\/urbandecay.placeminute.com\/\" target=\"_blank\" rel=\"noopener\">en passant par ce site<\/a><\/strong>.<\/p>\n<p>Et le <strong>boutique<\/strong> est ouverte au public <strong>du mercredi au dimanche de 11h \u00e0 19h<\/strong>.<br \/>\n48 rue des Francs Bourgeois (M\u00e9tro Saint Paul)<br \/>\n75004 Paris.<\/p>\n","protected":false},"excerpt":{"rendered":"<p><img loading=\"lazy\" decoding=\"async\" class=\"aligncenter size-full wp-image-157706\" src=\"http:\/\/www.monblogdefille.com\/blog\/wp-content\/uploads\/2015\/11\/master_class_urban_decay1.jpg\" alt=\"master_class_urban_decay1\" width=\"700\" height=\"504\" srcset=\"https:\/\/www.monblogdefille.com\/blog\/wp-content\/uploads\/2015\/11\/master_class_urban_decay1.jpg 700w, https:\/\/www.monblogdefille.com\/blog\/wp-content\/uploads\/2015\/11\/master_class_urban_decay1-300x216.jpg 300w\" sizes=\"auto, (max-width: 700px) 100vw, 700px\" \/><\/p>\n","protected":false},"author":3,"featured_media":157706,"comment_status":"open","ping_status":"open","sticky":false,"template":"","format":"standard","meta":{"footnotes":""},"categories":[1485,20108],"tags":[20070,20041],"class_list":["post-158093","post","type-post","status-publish","format-standard","has-post-thumbnail","hentry","category-le-maquillage","category-shopping-beaute-belle-sans-souffrir","tag-shopping-beaute","tag-urban-decay"],"_links":{"self":[{"href":"https:\/\/www.monblogdefille.com\/blog\/wp-json\/wp\/v2\/posts\/158093","targetHints":{"allow":["GET"]}}],"collection":[{"href":"https:\/\/www.monblogdefille.com\/blog\/wp-json\/wp\/v2\/posts"}],"about":[{"href":"https:\/\/www.monblogdefille.com\/blog\/wp-json\/wp\/v2\/types\/post"}],"author":[{"embeddable":true,"href":"https:\/\/www.monblogdefille.com\/blog\/wp-json\/wp\/v2\/users\/3"}],"replies":[{"embeddable":true,"href":"https:\/\/www.monblogdefille.com\/blog\/wp-json\/wp\/v2\/comments?post=158093"}],"version-history":[{"count":0,"href":"https:\/\/www.monblogdefille.com\/blog\/wp-json\/wp\/v2\/posts\/158093\/revisions"}],"wp:featuredmedia":[{"embeddable":true,"href":"https:\/\/www.monblogdefille.com\/blog\/wp-json\/wp\/v2\/media\/157706"}],"wp:attachment":[{"href":"https:\/\/www.monblogdefille.com\/blog\/wp-json\/wp\/v2\/media?parent=158093"}],"wp:term":[{"taxonomy":"category","embeddable":true,"href":"https:\/\/www.monblogdefille.com\/blog\/wp-json\/wp\/v2\/categories?post=158093"},{"taxonomy":"post_tag","embeddable":true,"href":"https:\/\/www.monblogdefille.com\/blog\/wp-json\/wp\/v2\/tags?post=158093"}],"curies":[{"name":"wp","href":"https:\/\/api.w.org\/{rel}","templated":true}]}}