{"id":158047,"date":"2016-01-13T09:00:17","date_gmt":"2016-01-13T08:00:17","guid":{"rendered":"http:\/\/www.monblogdefille.com\/blog\/?p=158047"},"modified":"2016-01-17T11:26:37","modified_gmt":"2016-01-17T10:26:37","slug":"jai-recommence-a-me-parfumer","status":"publish","type":"post","link":"https:\/\/www.monblogdefille.com\/blog\/jai-recommence-a-me-parfumer\/","title":{"rendered":"J&rsquo;ai recommenc\u00e9 \u00e0 me parfumer"},"content":{"rendered":"<p><img loading=\"lazy\" decoding=\"async\" class=\"aligncenter size-full wp-image-158048\" src=\"http:\/\/www.monblogdefille.com\/blog\/wp-content\/uploads\/2016\/01\/annick_goutal_eau_hadrien.jpg\" alt=\"annick_goutal_eau_hadrien\" width=\"700\" height=\"615\" srcset=\"https:\/\/www.monblogdefille.com\/blog\/wp-content\/uploads\/2016\/01\/annick_goutal_eau_hadrien.jpg 700w, https:\/\/www.monblogdefille.com\/blog\/wp-content\/uploads\/2016\/01\/annick_goutal_eau_hadrien-300x264.jpg 300w\" sizes=\"auto, (max-width: 700px) 100vw, 700px\" \/><\/p>\n<p>Si vous suivez mon blog depuis un moment, vous savez que je ne me parfume plus depuis des ann\u00e9es (si j&rsquo;en crois les archives, en <strong><a href=\"http:\/\/www.monblogdefille.com\/blog\/mes-parfums-preferes\" target=\"_blank\">mars 2011<\/a><\/strong> il m&rsquo;arrivait encore de porter parfois la <strong><a href=\"http:\/\/www.durance.fr\/eau-de-toilette-verveine-fraiche.html\" target=\"_blank\" rel=\"noopener\">Verveine de Durance<\/a><\/strong>) (et <a href=\"http:\/\/www.monblogdefille.com\/blog\/mes-parfums-fetiches\" target=\"_blank\"><strong>au moment de la cr\u00e9ation de mon blog<\/strong><\/a> mes 3 parfums pr\u00e9f\u00e9r\u00e9s \u00e9taient d\u00e9j\u00e0 quasi les m\u00eames qu&rsquo;aujourd&rsquo;hui).<\/p>\n<p>Qu&rsquo;est-ce qui m&rsquo;a pris, apr\u00e8s tant d&rsquo;ann\u00e9es \u00e0 ne pas tol\u00e9rer que l&rsquo;air autour de moi sente quoi que ce soit (tout en adorant certains parfums sans les porter, comme vu dans <strong><a href=\"http:\/\/www.monblogdefille.com\/blog\/le-parfum\" target=\"_blank\">cette vid\u00e9o<\/a><\/strong>) ??<\/p>\n<p>Et bien je crois que c&rsquo;est la \u00ab\u00a0r\u00e9v\u00e9lation bougie parfum\u00e9e\u00a0\u00bb du mois de d\u00e9cembre qui m&rsquo;a fait \u00e0 nouveau appr\u00e9cier que parfois, l&rsquo;air sente quelque chose autour de moi. Bien s\u00fbr pas n&rsquo;importe quoi et pas tout le temps ; mais la d\u00e9couverte de l&rsquo;effet si agr\u00e9able et quasi th\u00e9rapeutique de la <strong><a href=\"http:\/\/www.monblogdefille.com\/blog\/la-meilleure-bougie-au-pin\" target=\"_blank\">Windsor Forest de Crabrtree &amp; Evelyn<\/a><\/strong> a produit, je crois, une sorte de d\u00e9clic.<\/p>\n<p>Il y a deux semaines j&rsquo;ai eu envie de me parfumer \u00e0 nouveau et j&rsquo;ai commenc\u00e9 par essayer <a href=\"http:\/\/www.annickgoutal.com\/duel-50ml\" target=\"_blank\" rel=\"noopener\"><strong>Duel de Goutal<\/strong><\/a> (dont je parle dans la vid\u00e9o, c&rsquo;est dr\u00f4le de voir que j&rsquo;ai fini par craquer depuis) ; il est sublime et unique mais encore un peu puissant pour moi, il va me falloir un temps de r\u00e9adaptation ;-).<\/p>\n<p>Du coup j&rsquo;ai repris mon flacon d&rsquo;<strong><a href=\"http:\/\/www.annickgoutal.com\/eau-d-hadrien\" target=\"_blank\" rel=\"noopener\">Eau d&rsquo;Hadrien<\/a><\/strong> (celui de la vid\u00e9o aussi, qui n&rsquo;a pas boug\u00e9 en 4 ans), et j&rsquo;en ai d&rsquo;abord mis juste un pschitt sur ma nuque. Le lendemain j&rsquo;en ai mis aussi sur les c\u00f4t\u00e9s de mon cou. Le surlendemain j&rsquo;ai essay\u00e9 d&rsquo;en mettre aussi dans mon d\u00e9collet\u00e9 mais pour le coup \u00e7a faisait trop et \u00e7a envahissait mon espace olfactif.<\/p>\n<p>Depuis j&rsquo;en mets juste un peu sur les c\u00f4t\u00e9s de mon cou et ma nuque, et j&rsquo;aime beaucoup le sentir dans la journ\u00e9e : il est d\u00e9licieux sans \u00eatre envahissant, frais et vif et pourtant tenace (j&rsquo;ai l&rsquo;Eau de Parfum, \u00e7a tient beaucoup mieux), et tellement, tellement r\u00e9ussi (je ne suis d&rsquo;aucune originalit\u00e9 sur ce coup-l\u00e0, c&rsquo;est un des best-sellers de la maison) !<\/p>\n<p>C&rsquo;est \u00e9tonnant, j&rsquo;ai l&rsquo;impression d&rsquo;avoir rouvert une fen\u00eatre&#8230;<\/p>\n","protected":false},"excerpt":{"rendered":"<p><img loading=\"lazy\" decoding=\"async\" class=\"aligncenter size-full wp-image-158048\" src=\"http:\/\/www.monblogdefille.com\/blog\/wp-content\/uploads\/2016\/01\/annick_goutal_eau_hadrien.jpg\" alt=\"annick_goutal_eau_hadrien\" width=\"700\" height=\"615\" srcset=\"https:\/\/www.monblogdefille.com\/blog\/wp-content\/uploads\/2016\/01\/annick_goutal_eau_hadrien.jpg 700w, https:\/\/www.monblogdefille.com\/blog\/wp-content\/uploads\/2016\/01\/annick_goutal_eau_hadrien-300x264.jpg 300w\" sizes=\"auto, (max-width: 700px) 100vw, 700px\" \/><\/p>\n","protected":false},"author":3,"featured_media":158048,"comment_status":"open","ping_status":"open","sticky":false,"template":"","format":"standard","meta":{"footnotes":""},"categories":[20099],"tags":[20100],"class_list":["post-158047","post","type-post","status-publish","format-standard","has-post-thumbnail","hentry","category-parfum","tag-parfum"],"_links":{"self":[{"href":"https:\/\/www.monblogdefille.com\/blog\/wp-json\/wp\/v2\/posts\/158047","targetHints":{"allow":["GET"]}}],"collection":[{"href":"https:\/\/www.monblogdefille.com\/blog\/wp-json\/wp\/v2\/posts"}],"about":[{"href":"https:\/\/www.monblogdefille.com\/blog\/wp-json\/wp\/v2\/types\/post"}],"author":[{"embeddable":true,"href":"https:\/\/www.monblogdefille.com\/blog\/wp-json\/wp\/v2\/users\/3"}],"replies":[{"embeddable":true,"href":"https:\/\/www.monblogdefille.com\/blog\/wp-json\/wp\/v2\/comments?post=158047"}],"version-history":[{"count":0,"href":"https:\/\/www.monblogdefille.com\/blog\/wp-json\/wp\/v2\/posts\/158047\/revisions"}],"wp:featuredmedia":[{"embeddable":true,"href":"https:\/\/www.monblogdefille.com\/blog\/wp-json\/wp\/v2\/media\/158048"}],"wp:attachment":[{"href":"https:\/\/www.monblogdefille.com\/blog\/wp-json\/wp\/v2\/media?parent=158047"}],"wp:term":[{"taxonomy":"category","embeddable":true,"href":"https:\/\/www.monblogdefille.com\/blog\/wp-json\/wp\/v2\/categories?post=158047"},{"taxonomy":"post_tag","embeddable":true,"href":"https:\/\/www.monblogdefille.com\/blog\/wp-json\/wp\/v2\/tags?post=158047"}],"curies":[{"name":"wp","href":"https:\/\/api.w.org\/{rel}","templated":true}]}}