{"id":158029,"date":"2016-01-12T09:00:08","date_gmt":"2016-01-12T08:00:08","guid":{"rendered":"http:\/\/www.monblogdefille.com\/blog\/?p=158029"},"modified":"2016-08-15T19:38:28","modified_gmt":"2016-08-15T17:38:28","slug":"mes-premieres-vans-en-soldes-chez-sarenza","status":"publish","type":"post","link":"https:\/\/www.monblogdefille.com\/blog\/mes-premieres-vans-en-soldes-chez-sarenza\/","title":{"rendered":"Mes premi\u00e8res Vans, en soldes chez Sarenza"},"content":{"rendered":"<p><img loading=\"lazy\" decoding=\"async\" class=\"aligncenter size-full wp-image-158031\" src=\"http:\/\/www.monblogdefille.com\/blog\/wp-content\/uploads\/2016\/01\/vans_soldes_sarenza-3.jpg\" alt=\"vans_soldes_sarenza 3\" width=\"700\" height=\"467\" srcset=\"https:\/\/www.monblogdefille.com\/blog\/wp-content\/uploads\/2016\/01\/vans_soldes_sarenza-3.jpg 700w, https:\/\/www.monblogdefille.com\/blog\/wp-content\/uploads\/2016\/01\/vans_soldes_sarenza-3-300x200.jpg 300w, https:\/\/www.monblogdefille.com\/blog\/wp-content\/uploads\/2016\/01\/vans_soldes_sarenza-3-440x294.jpg 440w\" sizes=\"auto, (max-width: 700px) 100vw, 700px\" \/><\/p>\n<p>Ehhh oui, comme toujours je fais tout apr\u00e8s tout le monde, j&rsquo;aurai attendu janvier 2016 pour avoir des Vans. En fait j&rsquo;en ai d\u00e9j\u00e0 essay\u00e9 pas mal, que je trouvais toutes hyper bizarres. Mais quand j&rsquo;ai vu cet imprim\u00e9 je n&rsquo;ai pas pu r\u00e9sister, et j&rsquo;ai bien fait parce que je les adore et je ne les trouve pas du tout bizarres ;-)<\/p>\n<p>(et comment je fais pour ne pas mourir de froid pieds nus dans mes Vans \u00e0 Paris au mois de janvier ? Ah ben pr\u00e9cis\u00e9ment je ne suis pas pieds nus, j&rsquo;ai des mis-bas).<\/p>\n<p>Et ce petit sac ! Ca faisait un moment qu&rsquo;il \u00e9tait dans mes favoris chez Sarenza, j&rsquo;aime tellement la couleur et l&rsquo;imprim\u00e9 du cuir ! OK il est tout petit mais je m&rsquo;en fiche, je le trouve trop joli !<\/p>\n<p>Avec \u00e7a mes incontournables : un jean clair, un gros pull gris lumineux et un manteau camel, des neutres doux pour cette belle lumi\u00e8re de contre-jour (Rapha\u00ebl aime autant que moi cette lumi\u00e8re du coup on s&rsquo;en est donn\u00e9 \u00e0 coeur joie !).<\/p>\n<p><img loading=\"lazy\" decoding=\"async\" class=\"aligncenter size-full wp-image-158032\" src=\"http:\/\/www.monblogdefille.com\/blog\/wp-content\/uploads\/2016\/01\/vans_soldes_sarenza-1.jpg\" alt=\"vans_soldes_sarenza 1\" width=\"700\" height=\"467\" srcset=\"https:\/\/www.monblogdefille.com\/blog\/wp-content\/uploads\/2016\/01\/vans_soldes_sarenza-1.jpg 700w, https:\/\/www.monblogdefille.com\/blog\/wp-content\/uploads\/2016\/01\/vans_soldes_sarenza-1-300x200.jpg 300w, https:\/\/www.monblogdefille.com\/blog\/wp-content\/uploads\/2016\/01\/vans_soldes_sarenza-1-440x294.jpg 440w\" sizes=\"auto, (max-width: 700px) 100vw, 700px\" \/><br \/>\n<img loading=\"lazy\" decoding=\"async\" class=\"aligncenter size-full wp-image-158033\" src=\"http:\/\/www.monblogdefille.com\/blog\/wp-content\/uploads\/2016\/01\/vans_soldes_sarenza-2.jpg\" alt=\"vans_soldes_sarenza 2\" width=\"700\" height=\"467\" srcset=\"https:\/\/www.monblogdefille.com\/blog\/wp-content\/uploads\/2016\/01\/vans_soldes_sarenza-2.jpg 700w, https:\/\/www.monblogdefille.com\/blog\/wp-content\/uploads\/2016\/01\/vans_soldes_sarenza-2-300x200.jpg 300w, https:\/\/www.monblogdefille.com\/blog\/wp-content\/uploads\/2016\/01\/vans_soldes_sarenza-2-440x294.jpg 440w\" sizes=\"auto, (max-width: 700px) 100vw, 700px\" \/><br \/>\n<img loading=\"lazy\" decoding=\"async\" class=\"aligncenter size-full wp-image-158034\" src=\"http:\/\/www.monblogdefille.com\/blog\/wp-content\/uploads\/2016\/01\/vans_soldes_sarenza-3-1.jpg\" alt=\"vans_soldes_sarenza 3\" width=\"700\" height=\"467\" srcset=\"https:\/\/www.monblogdefille.com\/blog\/wp-content\/uploads\/2016\/01\/vans_soldes_sarenza-3-1.jpg 700w, https:\/\/www.monblogdefille.com\/blog\/wp-content\/uploads\/2016\/01\/vans_soldes_sarenza-3-1-300x200.jpg 300w, https:\/\/www.monblogdefille.com\/blog\/wp-content\/uploads\/2016\/01\/vans_soldes_sarenza-3-1-440x294.jpg 440w\" sizes=\"auto, (max-width: 700px) 100vw, 700px\" \/><br \/>\n<img loading=\"lazy\" decoding=\"async\" class=\"aligncenter size-full wp-image-158035\" src=\"http:\/\/www.monblogdefille.com\/blog\/wp-content\/uploads\/2016\/01\/vans_soldes_sarenza-4.jpg\" alt=\"vans_soldes_sarenza 4\" width=\"700\" height=\"512\" srcset=\"https:\/\/www.monblogdefille.com\/blog\/wp-content\/uploads\/2016\/01\/vans_soldes_sarenza-4.jpg 700w, https:\/\/www.monblogdefille.com\/blog\/wp-content\/uploads\/2016\/01\/vans_soldes_sarenza-4-300x219.jpg 300w\" sizes=\"auto, (max-width: 700px) 100vw, 700px\" \/><br \/>\n<img loading=\"lazy\" decoding=\"async\" class=\"aligncenter size-full wp-image-158036\" src=\"http:\/\/www.monblogdefille.com\/blog\/wp-content\/uploads\/2016\/01\/vans_soldes_sarenza-5.jpg\" alt=\"vans_soldes_sarenza 5\" width=\"700\" height=\"467\" srcset=\"https:\/\/www.monblogdefille.com\/blog\/wp-content\/uploads\/2016\/01\/vans_soldes_sarenza-5.jpg 700w, https:\/\/www.monblogdefille.com\/blog\/wp-content\/uploads\/2016\/01\/vans_soldes_sarenza-5-300x200.jpg 300w, https:\/\/www.monblogdefille.com\/blog\/wp-content\/uploads\/2016\/01\/vans_soldes_sarenza-5-440x294.jpg 440w\" sizes=\"auto, (max-width: 700px) 100vw, 700px\" \/><br \/>\n<img loading=\"lazy\" decoding=\"async\" class=\"aligncenter size-full wp-image-158037\" src=\"http:\/\/www.monblogdefille.com\/blog\/wp-content\/uploads\/2016\/01\/vans_soldes_sarenza-6.jpg\" alt=\"vans_soldes_sarenza 6\" width=\"700\" height=\"467\" srcset=\"https:\/\/www.monblogdefille.com\/blog\/wp-content\/uploads\/2016\/01\/vans_soldes_sarenza-6.jpg 700w, https:\/\/www.monblogdefille.com\/blog\/wp-content\/uploads\/2016\/01\/vans_soldes_sarenza-6-300x200.jpg 300w, https:\/\/www.monblogdefille.com\/blog\/wp-content\/uploads\/2016\/01\/vans_soldes_sarenza-6-440x294.jpg 440w\" sizes=\"auto, (max-width: 700px) 100vw, 700px\" \/><\/p>\n<p style=\"text-align: center;\"><a href=\"http:\/\/tidd.ly\/b74d90dd\" target=\"_blank\" rel=\"noopener\"><strong>Vans Cheetah Suede<\/strong><\/a> (\u00e7a taille normal et le confort n&rsquo;est pas une l\u00e9gende)<br \/>\n(\u00e7a y est, j&rsquo;en veux plein d&rsquo;autres)<\/p>\n<p style=\"text-align: center;\"><a href=\"http:\/\/tidd.ly\/8ce16169\" target=\"_blank\" rel=\"noopener\"><strong>Sac Vagabond<\/strong><\/a><\/p>\n<p style=\"text-align: center;\"><strong>Manteau Monki<\/strong> (<strong><a href=\"http:\/\/tinyurl.com\/pbcogqn\" target=\"_blank\" rel=\"noopener\">similaire ici<\/a> <\/strong>et<a href=\"http:\/\/tinyurl.com\/jqkl6oh\" target=\"_blank\" rel=\"noopener\"><strong> ici<\/strong><\/a>) (d\u00e9j\u00e0 vu <strong><a href=\"http:\/\/www.monblogdefille.com\/blog\/?s=monki\" target=\"_blank\">plusieurs fois<\/a><\/strong>)<\/p>\n<p style=\"text-align: center;\"><strong>Pull Banana Republic<\/strong> (achet\u00e9 il y a plus d&rsquo;un mois donc sans doute plus disponible)<\/p>\n<p style=\"text-align: center;\"><strong>Jean Ridley Asos<\/strong> (<a href=\"http:\/\/tinyurl.com\/zd644g8\" target=\"_blank\" rel=\"noopener\"><strong>similaire<\/strong><\/a> <strong>ici<\/strong>)<br \/>\n(si vous \u00eates largu\u00e9es avec les tailles j&rsquo;ai fait <strong><a href=\"http:\/\/www.monblogdefille.com\/blog\/la-taille-des-jeans-ridley-chez-asos\" target=\"_blank\">un billet dessus<\/a><\/strong>)<\/p>\n<p style=\"text-align: center;\"><strong>Bagues Djula<\/strong> \u00e0 gauche, <a href=\"http:\/\/amzn.to\/2h2AY3Ys\" target=\"_blank\" rel=\"noopener\"><strong>H\u00e9l\u00e8ne &amp; Gemmyo<\/strong><\/a> \u00e0 droite<\/p>\n<p style=\"text-align: center;\"><a href=\"http:\/\/tinyurl.com\/jyk3b2f\" target=\"_blank\" rel=\"noopener\"><strong>Rouge in Love Lanc\u00f4me<\/strong><\/a> en 174B Crazy Tangerine, <strong><a href=\"http:\/\/tinyurl.com\/hczqllz\" target=\"_blank\" rel=\"noopener\"><br \/>\n<\/a><a href=\"http:\/\/www.yslbeauty.fr\/maquillage\/ongles\/les-mats\" target=\"_blank\" rel=\"noopener\">Vernis le Nut Mat Yves Saint Laurent<\/a><\/strong><\/p>\n<p style=\"text-align: center;\"><em>Merci <a href=\"http:\/\/www.styledotboy.com\/\" target=\"_blank\" rel=\"noopener\"><strong>Rapha\u00ebl<\/strong> <\/a>pour les photos !<\/em><\/p>\n<p>Et ce n&rsquo;est pas fini, je vous ai aussi fait une petite s\u00e9lection de jolies choses sold\u00e9es chez Sarenza (je n&rsquo;ai pas eu \u00e0 chercher tr\u00e8s loin, ma rubrique Favoris sur le site est en g\u00e9n\u00e9ral pleine \u00e0 craquer ;-) :<\/p>\n<p><img loading=\"lazy\" decoding=\"async\" class=\"aligncenter size-full wp-image-158030\" src=\"http:\/\/www.monblogdefille.com\/blog\/wp-content\/uploads\/2016\/01\/soldes_sarenza_janvier_2016.jpg\" alt=\"soldes_sarenza_janvier_2016\" width=\"700\" height=\"469\" srcset=\"https:\/\/www.monblogdefille.com\/blog\/wp-content\/uploads\/2016\/01\/soldes_sarenza_janvier_2016.jpg 700w, https:\/\/www.monblogdefille.com\/blog\/wp-content\/uploads\/2016\/01\/soldes_sarenza_janvier_2016-300x201.jpg 300w, https:\/\/www.monblogdefille.com\/blog\/wp-content\/uploads\/2016\/01\/soldes_sarenza_janvier_2016-440x294.jpg 440w\" sizes=\"auto, (max-width: 700px) 100vw, 700px\" \/><\/p>\n<p>J&rsquo;ai beaucoup h\u00e9sit\u00e9 entre le petit sac Vagabond et ce <strong><a href=\"http:\/\/tidd.ly\/ba795ec9\" target=\"_blank\" rel=\"noopener\">Nat &amp; Nin couleur papaye<\/a><\/strong> : il est corail quoi, c&rsquo;est irr\u00e9sistible !<\/p>\n<p>Je cherche des <a href=\"http:\/\/tidd.ly\/60a80f05\" target=\"_blank\" rel=\"noopener\"><strong>boots noires plates genre Chelsea<\/strong><\/a>, celles-ci me semblent bien r\u00e9ussies et Elizabeth Stuart est une bonne marque.<\/p>\n<p>Encore des slip on ! Celles-l\u00e0 sont des <a href=\"http:\/\/tidd.ly\/2d8af2f7\" target=\"_blank\" rel=\"noopener\"><strong>No Name<\/strong><\/a>, tr\u00e8s bonne marque aussi et j&rsquo;aime bien cet imprim\u00e9 argent\u00e9 qui fait un gris tr\u00e8s lumineux.<\/p>\n<p>J&rsquo;ai un truc avec les sacs color\u00e9s on dirait : je trouve ce <a href=\"http:\/\/tidd.ly\/2eb8b346\" target=\"_blank\" rel=\"noopener\"><strong>Mellow Yellow<\/strong> <\/a>hyper mignon (je vous rappelle que le <a href=\"http:\/\/www.monblogdefille.com\/blog\/cest-quoi-votre-couleur-de-chaussures-differente\" target=\"_blank\"><strong>turquoise<\/strong> <\/a>est ma couleur pr\u00e9f\u00e9r\u00e9e pour les accessoires apr\u00e8s le corail !).<\/p>\n<p>Alors, tout \u00e7a vous donne des id\u00e9es ? ;-)<\/p>\n<p><em>Billet sponsoris\u00e9<\/em><\/p>\n","protected":false},"excerpt":{"rendered":"<p><img loading=\"lazy\" decoding=\"async\" class=\"aligncenter size-full wp-image-158031\" src=\"http:\/\/www.monblogdefille.com\/blog\/wp-content\/uploads\/2016\/01\/vans_soldes_sarenza-3.jpg\" alt=\"vans_soldes_sarenza 3\" width=\"700\" height=\"467\" srcset=\"https:\/\/www.monblogdefille.com\/blog\/wp-content\/uploads\/2016\/01\/vans_soldes_sarenza-3.jpg 700w, https:\/\/www.monblogdefille.com\/blog\/wp-content\/uploads\/2016\/01\/vans_soldes_sarenza-3-300x200.jpg 300w, https:\/\/www.monblogdefille.com\/blog\/wp-content\/uploads\/2016\/01\/vans_soldes_sarenza-3-440x294.jpg 440w\" sizes=\"auto, (max-width: 700px) 100vw, 700px\" \/><\/p>\n","protected":false},"author":3,"featured_media":158031,"comment_status":"open","ping_status":"open","sticky":false,"template":"","format":"standard","meta":{"footnotes":""},"categories":[19927,20177],"tags":[19950,20133],"class_list":["post-158029","post","type-post","status-publish","format-standard","has-post-thumbnail","hentry","category-looks","category-mode","tag-chaussures","tag-mode"],"_links":{"self":[{"href":"https:\/\/www.monblogdefille.com\/blog\/wp-json\/wp\/v2\/posts\/158029","targetHints":{"allow":["GET"]}}],"collection":[{"href":"https:\/\/www.monblogdefille.com\/blog\/wp-json\/wp\/v2\/posts"}],"about":[{"href":"https:\/\/www.monblogdefille.com\/blog\/wp-json\/wp\/v2\/types\/post"}],"author":[{"embeddable":true,"href":"https:\/\/www.monblogdefille.com\/blog\/wp-json\/wp\/v2\/users\/3"}],"replies":[{"embeddable":true,"href":"https:\/\/www.monblogdefille.com\/blog\/wp-json\/wp\/v2\/comments?post=158029"}],"version-history":[{"count":0,"href":"https:\/\/www.monblogdefille.com\/blog\/wp-json\/wp\/v2\/posts\/158029\/revisions"}],"wp:featuredmedia":[{"embeddable":true,"href":"https:\/\/www.monblogdefille.com\/blog\/wp-json\/wp\/v2\/media\/158031"}],"wp:attachment":[{"href":"https:\/\/www.monblogdefille.com\/blog\/wp-json\/wp\/v2\/media?parent=158029"}],"wp:term":[{"taxonomy":"category","embeddable":true,"href":"https:\/\/www.monblogdefille.com\/blog\/wp-json\/wp\/v2\/categories?post=158029"},{"taxonomy":"post_tag","embeddable":true,"href":"https:\/\/www.monblogdefille.com\/blog\/wp-json\/wp\/v2\/tags?post=158029"}],"curies":[{"name":"wp","href":"https:\/\/api.w.org\/{rel}","templated":true}]}}