{"id":157964,"date":"2016-01-04T09:00:06","date_gmt":"2016-01-04T08:00:06","guid":{"rendered":"http:\/\/www.monblogdefille.com\/blog\/?p=157964"},"modified":"2016-01-07T09:00:04","modified_gmt":"2016-01-07T08:00:04","slug":"la-taille-des-jeans-ridley-chez-asos","status":"publish","type":"post","link":"https:\/\/www.monblogdefille.com\/blog\/la-taille-des-jeans-ridley-chez-asos\/","title":{"rendered":"La taille des jeans Ridley chez Asos"},"content":{"rendered":"<p><img loading=\"lazy\" decoding=\"async\" class=\"aligncenter size-full wp-image-157965\" src=\"http:\/\/www.monblogdefille.com\/blog\/wp-content\/uploads\/2016\/01\/tailles_jeans_ridley_asos.jpg\" alt=\"tailles_jeans_ridley_asos\" width=\"700\" height=\"590\" srcset=\"https:\/\/www.monblogdefille.com\/blog\/wp-content\/uploads\/2016\/01\/tailles_jeans_ridley_asos.jpg 700w, https:\/\/www.monblogdefille.com\/blog\/wp-content\/uploads\/2016\/01\/tailles_jeans_ridley_asos-300x253.jpg 300w\" sizes=\"auto, (max-width: 700px) 100vw, 700px\" \/><\/p>\n<p>Comme vous savez (ou pas), le <a href=\"http:\/\/tinyurl.com\/gtr6797\" target=\"_blank\" rel=\"noopener\"><strong>jean Ridley d&rsquo;Asos<\/strong><\/a> est mon pr\u00e9f\u00e9r\u00e9 absolu (\u00e0 vrai dire je ne porte que \u00e7a). Parce qu&rsquo;il y a ma taille (44 aujourd&rsquo;hui mais 46 il n&rsquo;y a pas si longtemps &#8211; et il existe aussi en Petite, en Maternity et en Tall), qu&rsquo;il est skinny sans vous imprimer sa couture sur la jambe, et qu&rsquo;il est TAILLE HAUTE. J&rsquo;ai la taille marqu\u00e9e et c&rsquo;est dans les coupes taille haute que je suis le plus confort (or le confort c&rsquo;est la vie).<\/p>\n<p>Ils ont r\u00e9cemment chang\u00e9 leur fa\u00e7on d&rsquo;indiquer les tailles, j&rsquo;ai \u00e9t\u00e9 gravement paum\u00e9e au d\u00e9but du coup je me suis dit qu&rsquo;un peu d&rsquo;aide ne vous ferait peut-\u00eatre pas de mal.<\/p>\n<p>Jusqu&rsquo;ici on avait les tailles normales (genre du 36 au 46), maintenant \u00e7a dit W61cm &#8211; L76m jusqu&rsquo;au W91cm &#8211; L86m, WTF ?<\/p>\n<p>Pour ma premi\u00e8re commande avec ces chiffres tordus, je suis partie du principe que \u00e7a allait comme avant jusqu&rsquo;au 46 (taille fran\u00e7aise), et que le W91cm devait donc lui correspondre. Pour avoir mon 44 je suis donc descendue d&rsquo;un cran jusqu&rsquo;au W86cm, qui est en effet bien un 44.<\/p>\n<p>Et les tailles, dans la gamme \u00ab\u00a0normale\u00a0\u00bb, vont du 32 au 46 fran\u00e7ais comme c&rsquo;\u00e9tait le cas avant, juste avec des chiffres bizarres ;-)<\/p>\n<p>C\u00f4t\u00e9 longueur je me suis dit que s&rsquo;ils en mettaient 3 \u00e7a ne pouvaient \u00eatre que 28, 30 et 32 (les plus utilis\u00e9es en France), et bien bonne pioche : le 76m correspond \u00e0 un 28 en longueur, le 81 \u00e0 un 30 et le 86 \u00e0 un 32.<\/p>\n<p>Voil\u00e0. Si vous \u00eates largu\u00e9es comme moi il y a quelques semaines, j&rsquo;esp\u00e8re que \u00e7a vous aidera ;-)<\/p>\n<p>PS : je repr\u00e9cise que \u00e7a taille hyper normalement, prenez votre taille habituelle.<\/p>\n","protected":false},"excerpt":{"rendered":"<p><img loading=\"lazy\" decoding=\"async\" class=\"aligncenter size-full wp-image-157965\" src=\"http:\/\/www.monblogdefille.com\/blog\/wp-content\/uploads\/2016\/01\/tailles_jeans_ridley_asos.jpg\" alt=\"tailles_jeans_ridley_asos\" width=\"700\" height=\"590\" srcset=\"https:\/\/www.monblogdefille.com\/blog\/wp-content\/uploads\/2016\/01\/tailles_jeans_ridley_asos.jpg 700w, https:\/\/www.monblogdefille.com\/blog\/wp-content\/uploads\/2016\/01\/tailles_jeans_ridley_asos-300x253.jpg 300w\" sizes=\"auto, (max-width: 700px) 100vw, 700px\" \/><\/p>\n","protected":false},"author":3,"featured_media":157965,"comment_status":"open","ping_status":"open","sticky":false,"template":"","format":"standard","meta":{"footnotes":""},"categories":[20177],"tags":[20133],"class_list":["post-157964","post","type-post","status-publish","format-standard","has-post-thumbnail","hentry","category-mode","tag-mode"],"_links":{"self":[{"href":"https:\/\/www.monblogdefille.com\/blog\/wp-json\/wp\/v2\/posts\/157964","targetHints":{"allow":["GET"]}}],"collection":[{"href":"https:\/\/www.monblogdefille.com\/blog\/wp-json\/wp\/v2\/posts"}],"about":[{"href":"https:\/\/www.monblogdefille.com\/blog\/wp-json\/wp\/v2\/types\/post"}],"author":[{"embeddable":true,"href":"https:\/\/www.monblogdefille.com\/blog\/wp-json\/wp\/v2\/users\/3"}],"replies":[{"embeddable":true,"href":"https:\/\/www.monblogdefille.com\/blog\/wp-json\/wp\/v2\/comments?post=157964"}],"version-history":[{"count":0,"href":"https:\/\/www.monblogdefille.com\/blog\/wp-json\/wp\/v2\/posts\/157964\/revisions"}],"wp:featuredmedia":[{"embeddable":true,"href":"https:\/\/www.monblogdefille.com\/blog\/wp-json\/wp\/v2\/media\/157965"}],"wp:attachment":[{"href":"https:\/\/www.monblogdefille.com\/blog\/wp-json\/wp\/v2\/media?parent=157964"}],"wp:term":[{"taxonomy":"category","embeddable":true,"href":"https:\/\/www.monblogdefille.com\/blog\/wp-json\/wp\/v2\/categories?post=157964"},{"taxonomy":"post_tag","embeddable":true,"href":"https:\/\/www.monblogdefille.com\/blog\/wp-json\/wp\/v2\/tags?post=157964"}],"curies":[{"name":"wp","href":"https:\/\/api.w.org\/{rel}","templated":true}]}}