{"id":157761,"date":"2015-12-03T09:00:38","date_gmt":"2015-12-03T08:00:38","guid":{"rendered":"http:\/\/www.monblogdefille.com\/blog\/?p=157761"},"modified":"2015-12-07T10:23:40","modified_gmt":"2015-12-07T09:23:40","slug":"votre-portrait-par-une-artiste-peintre-avec-avene","status":"publish","type":"post","link":"https:\/\/www.monblogdefille.com\/blog\/votre-portrait-par-une-artiste-peintre-avec-avene\/","title":{"rendered":"Votre portrait par une artiste peintre avec Av\u00e8ne"},"content":{"rendered":"<p><img loading=\"lazy\" decoding=\"async\" class=\"aligncenter size-full wp-image-157762\" src=\"http:\/\/www.monblogdefille.com\/blog\/wp-content\/uploads\/2015\/12\/skin-structure-1.jpg\" alt=\"skin structure 1\" width=\"700\" height=\"555\" srcset=\"https:\/\/www.monblogdefille.com\/blog\/wp-content\/uploads\/2015\/12\/skin-structure-1.jpg 700w, https:\/\/www.monblogdefille.com\/blog\/wp-content\/uploads\/2015\/12\/skin-structure-1-300x238.jpg 300w\" sizes=\"auto, (max-width: 700px) 100vw, 700px\" \/><\/p>\n<p>Aujourd&rsquo;hui <strong><a href=\"http:\/\/blog.eau-thermale-avene.com\/blog\/2015\/skin-structure-avene-tentez-gagner-portrait-artiste-peintre-2\/\" target=\"_blank\" rel=\"noopener\">sur le blog d&rsquo;Av\u00e8ne<\/a><\/strong> je vous parle d&rsquo;un beau partenariat que la marque a engag\u00e9 avec la peintre Fran\u00e7oise Nielly, et gr\u00e2ce auquel vous pourrez peut-\u00eatre gagner votre portrait&#8230; d\u00e9tails \u00e0 voir dans mon billet l\u00e0-bas ! ;-)<\/p>\n","protected":false},"excerpt":{"rendered":"<p><img loading=\"lazy\" decoding=\"async\" class=\"aligncenter size-full wp-image-157762\" src=\"http:\/\/www.monblogdefille.com\/blog\/wp-content\/uploads\/2015\/12\/skin-structure-1.jpg\" alt=\"skin structure 1\" width=\"700\" height=\"555\" srcset=\"https:\/\/www.monblogdefille.com\/blog\/wp-content\/uploads\/2015\/12\/skin-structure-1.jpg 700w, https:\/\/www.monblogdefille.com\/blog\/wp-content\/uploads\/2015\/12\/skin-structure-1-300x238.jpg 300w\" sizes=\"auto, (max-width: 700px) 100vw, 700px\" \/><\/p>\n","protected":false},"author":3,"featured_media":157762,"comment_status":"open","ping_status":"open","sticky":false,"template":"","format":"standard","meta":{"footnotes":""},"categories":[1489],"tags":[19995],"class_list":["post-157761","post","type-post","status-publish","format-standard","has-post-thumbnail","hentry","category-le-soin","tag-avene"],"_links":{"self":[{"href":"https:\/\/www.monblogdefille.com\/blog\/wp-json\/wp\/v2\/posts\/157761","targetHints":{"allow":["GET"]}}],"collection":[{"href":"https:\/\/www.monblogdefille.com\/blog\/wp-json\/wp\/v2\/posts"}],"about":[{"href":"https:\/\/www.monblogdefille.com\/blog\/wp-json\/wp\/v2\/types\/post"}],"author":[{"embeddable":true,"href":"https:\/\/www.monblogdefille.com\/blog\/wp-json\/wp\/v2\/users\/3"}],"replies":[{"embeddable":true,"href":"https:\/\/www.monblogdefille.com\/blog\/wp-json\/wp\/v2\/comments?post=157761"}],"version-history":[{"count":0,"href":"https:\/\/www.monblogdefille.com\/blog\/wp-json\/wp\/v2\/posts\/157761\/revisions"}],"wp:featuredmedia":[{"embeddable":true,"href":"https:\/\/www.monblogdefille.com\/blog\/wp-json\/wp\/v2\/media\/157762"}],"wp:attachment":[{"href":"https:\/\/www.monblogdefille.com\/blog\/wp-json\/wp\/v2\/media?parent=157761"}],"wp:term":[{"taxonomy":"category","embeddable":true,"href":"https:\/\/www.monblogdefille.com\/blog\/wp-json\/wp\/v2\/categories?post=157761"},{"taxonomy":"post_tag","embeddable":true,"href":"https:\/\/www.monblogdefille.com\/blog\/wp-json\/wp\/v2\/tags?post=157761"}],"curies":[{"name":"wp","href":"https:\/\/api.w.org\/{rel}","templated":true}]}}