{"id":157348,"date":"2015-10-16T09:00:15","date_gmt":"2015-10-16T07:00:15","guid":{"rendered":"http:\/\/www.monblogdefille.com\/blog\/?p=157348"},"modified":"2016-05-12T09:35:29","modified_gmt":"2016-05-12T07:35:29","slug":"10-concours-pour-10-ans-lancome","status":"publish","type":"post","link":"https:\/\/www.monblogdefille.com\/blog\/10-concours-pour-10-ans-lancome\/","title":{"rendered":"10 concours pour 10 ans : Lanc\u00f4me"},"content":{"rendered":"<p><img loading=\"lazy\" decoding=\"async\" class=\"aligncenter size-full wp-image-157349\" src=\"http:\/\/www.monblogdefille.com\/blog\/wp-content\/uploads\/2015\/10\/lancome.jpg\" alt=\"lancome\" width=\"700\" height=\"467\" srcset=\"https:\/\/www.monblogdefille.com\/blog\/wp-content\/uploads\/2015\/10\/lancome.jpg 700w, https:\/\/www.monblogdefille.com\/blog\/wp-content\/uploads\/2015\/10\/lancome-300x200.jpg 300w, https:\/\/www.monblogdefille.com\/blog\/wp-content\/uploads\/2015\/10\/lancome-440x294.jpg 440w\" sizes=\"auto, (max-width: 700px) 100vw, 700px\" \/><\/p>\n<p>Ca fait un moment que j&rsquo;utilise des produits Lanc\u00f4me, en fouillant dans les archives de mon blog j&rsquo;ai retrouv\u00e9 une premi\u00e8re trace en <a href=\"http:\/\/www.monblogdefille.com\/blog\/lancome-menard-sisley\" target=\"_blank\"><strong>avril 2009 avec G\u00e9nifique<\/strong><\/a> (je ne pensais pas que ce produit avait d\u00e9j\u00e0 6 ans !).<\/p>\n<p>Juste apr\u00e8s a eu lieu cette fameuse d\u00e9couverte de la collection <strong><a href=\"http:\/\/www.monblogdefille.com\/blog\/lancome-declaring-indigo\" target=\"_blank\">Declaring Indigo<\/a><\/strong> et ses <strong><a href=\"http:\/\/www.monblogdefille.com\/blog\/lancome-indigo-bis\" target=\"_blank\">deux palettes<\/a><\/strong> ! Mais <strong><a href=\"http:\/\/www.monblogdefille.com\/blog\/lancome-indigo-le-retour\" target=\"_blank\">quelles merveilles<\/a><\/strong> ! Je peux vous dire que celles-ci n&rsquo;ont pas fait partie de mon tri make up, je les ai gard\u00e9es pr\u00e9cieusement !<\/p>\n<p>Ensuite j&rsquo;ai \u00e9crit pendant quelques temps pour <strong><a href=\"http:\/\/www.monblogdefille.com\/blog\/mon-premier-billet-est-en-ligne-sur-le-blog-de-lancome\" target=\"_blank\">leur blog<\/a><\/strong> et \u00e9t\u00e9 mod\u00e8le make up pour des <a href=\"http:\/\/www.monblogdefille.com\/blog\/maquillee-par-lancome\" target=\"_blank\"><strong>vid\u00e9os<\/strong> <\/a>chez eux (il n&rsquo;est plus actif aujourd&rsquo;hui).<\/p>\n<p>Pendant tout ce temps j&rsquo;ai r\u00e9guli\u00e8rement utilis\u00e9 des produits de soin ou de maquillage Lanc\u00f4me, et parfois eu la chance d&rsquo;exp\u00e9rimenter les soins de leur Institut parisien qui est juste DEMENTIEL et que je recommande \u00e0 quiconque cherche un institut de luxe.<br \/>\nUne fois j&rsquo;ai fait un soin de d\u00e9monstration pendant une pr\u00e9sentation presse, donc rapide : en DOUZE MINUTES je me suis endormie (normalement je n&rsquo;arrive m\u00eame pas \u00e0 arr\u00eater de penser en 1h30). D\u00e9mentiel, je vous dis.<\/p>\n<p>En plus ils choisissent pour \u00e9g\u00e9ries des femmes admirables, on est bien loin du simple mannequin potiche.<\/p>\n<p>Enfin ils ont eu l&rsquo;id\u00e9e merveilleuse d&#8217;embaucher Lisa Eldridge comme directrice de la cr\u00e9ation du maquillage, et l\u00e0 ils ont fini de me conqu\u00e9rir totalement ! ;-)<\/p>\n<p><strong>Voici ce qu&rsquo;ils offriront<\/strong> \u00e0 l&rsquo;une d&rsquo;entre vous :<\/p>\n<p>&#8211; la fameuse palette de fards \u00e0 paupi\u00e8res Auda[city] cr\u00e9\u00e9e par Lisa Eldridge (vous pouvez la voir utiliser la palette dans <a href=\"https:\/\/www.youtube.com\/watch?v=S3DMcJBtlUg\" target=\"_blank\" rel=\"noopener\"><strong>cette vid\u00e9o<\/strong><\/a>)<br \/>\n&#8211; le s\u00e9rum G\u00e9nifique<br \/>\n&#8211; le mascara Volume \u00e0 Porter<br \/>\n&#8211; la cr\u00e8me Hydra Zen jour<br \/>\n&#8211; un flacon de parfum Lanc\u00f4me de votre choix<br \/>\n&#8211; &#8230; et le livre de Lisa Eldridge d\u00e9dicac\u00e9 (je suis en train de le lire, il est hyper int\u00e9ressant !)<\/p>\n<p>Pour participer, laissez un commentaire disant \u00e0 laquelle de leurs \u00e9g\u00e9ries (pass\u00e9e ou pr\u00e9sente) va votre pr\u00e9f\u00e9rence.<\/p>\n<p>Fans de Lanc\u00f4me &#8211; lisant l&rsquo;anglais, notre ch\u00e8re Lisa \u00e9crit bien s\u00fbr dans sa langue natale &#8211; \u00e0 vos claviers, vous avez jusqu&rsquo;au <strong>lundi 19 octobre \u00e0 19h<\/strong> pour participer !<\/p>\n<p style=\"text-align: center;\"><span style=\"text-decoration: underline;\"><strong>Important<\/strong> : nous ne pouvons ouvrir ces concours qu&rsquo;aux personnes <strong>majeures<\/strong><\/span><br \/>\n<span style=\"text-decoration: underline;\"> et vivant en <strong>France m\u00e9tropolitaine<\/strong>.<\/span><\/p>\n<p>Les <strong>gagnantes<\/strong> des <strong>10 concours<\/strong> seront annonc\u00e9s dans un billet sp\u00e9cial ici sur mon blog, <strong>fin octobre<\/strong><strong> (ou d\u00e9but novembre si c&rsquo;est trop le rush ;-)<\/strong>.<\/p>\n","protected":false},"excerpt":{"rendered":"<p><img loading=\"lazy\" decoding=\"async\" class=\"aligncenter size-full wp-image-157349\" src=\"http:\/\/www.monblogdefille.com\/blog\/wp-content\/uploads\/2015\/10\/lancome.jpg\" alt=\"lancome\" width=\"700\" height=\"467\" srcset=\"https:\/\/www.monblogdefille.com\/blog\/wp-content\/uploads\/2015\/10\/lancome.jpg 700w, https:\/\/www.monblogdefille.com\/blog\/wp-content\/uploads\/2015\/10\/lancome-300x200.jpg 300w, https:\/\/www.monblogdefille.com\/blog\/wp-content\/uploads\/2015\/10\/lancome-440x294.jpg 440w\" sizes=\"auto, (max-width: 700px) 100vw, 700px\" \/><\/p>\n","protected":false},"author":3,"featured_media":157349,"comment_status":"open","ping_status":"open","sticky":false,"template":"","format":"standard","meta":{"footnotes":""},"categories":[1485,1489],"tags":[20082,20183],"class_list":["post-157348","post","type-post","status-publish","format-standard","has-post-thumbnail","hentry","category-le-maquillage","category-le-soin","tag-concours","tag-lancome"],"_links":{"self":[{"href":"https:\/\/www.monblogdefille.com\/blog\/wp-json\/wp\/v2\/posts\/157348","targetHints":{"allow":["GET"]}}],"collection":[{"href":"https:\/\/www.monblogdefille.com\/blog\/wp-json\/wp\/v2\/posts"}],"about":[{"href":"https:\/\/www.monblogdefille.com\/blog\/wp-json\/wp\/v2\/types\/post"}],"author":[{"embeddable":true,"href":"https:\/\/www.monblogdefille.com\/blog\/wp-json\/wp\/v2\/users\/3"}],"replies":[{"embeddable":true,"href":"https:\/\/www.monblogdefille.com\/blog\/wp-json\/wp\/v2\/comments?post=157348"}],"version-history":[{"count":0,"href":"https:\/\/www.monblogdefille.com\/blog\/wp-json\/wp\/v2\/posts\/157348\/revisions"}],"wp:featuredmedia":[{"embeddable":true,"href":"https:\/\/www.monblogdefille.com\/blog\/wp-json\/wp\/v2\/media\/157349"}],"wp:attachment":[{"href":"https:\/\/www.monblogdefille.com\/blog\/wp-json\/wp\/v2\/media?parent=157348"}],"wp:term":[{"taxonomy":"category","embeddable":true,"href":"https:\/\/www.monblogdefille.com\/blog\/wp-json\/wp\/v2\/categories?post=157348"},{"taxonomy":"post_tag","embeddable":true,"href":"https:\/\/www.monblogdefille.com\/blog\/wp-json\/wp\/v2\/tags?post=157348"}],"curies":[{"name":"wp","href":"https:\/\/api.w.org\/{rel}","templated":true}]}}