{"id":157322,"date":"2015-10-13T09:00:37","date_gmt":"2015-10-13T07:00:37","guid":{"rendered":"http:\/\/www.monblogdefille.com\/blog\/?p=157322"},"modified":"2016-05-12T09:35:50","modified_gmt":"2016-05-12T07:35:50","slug":"10-concours-pour-10-ans-clarins","status":"publish","type":"post","link":"https:\/\/www.monblogdefille.com\/blog\/10-concours-pour-10-ans-clarins\/","title":{"rendered":"10 concours pour 10 ans : Clarins"},"content":{"rendered":"<p><img loading=\"lazy\" decoding=\"async\" class=\"aligncenter size-full wp-image-157324\" src=\"http:\/\/www.monblogdefille.com\/blog\/wp-content\/uploads\/2015\/10\/clarins-2.jpg\" alt=\"clarins 2\" width=\"700\" height=\"467\" srcset=\"https:\/\/www.monblogdefille.com\/blog\/wp-content\/uploads\/2015\/10\/clarins-2.jpg 700w, https:\/\/www.monblogdefille.com\/blog\/wp-content\/uploads\/2015\/10\/clarins-2-300x200.jpg 300w, https:\/\/www.monblogdefille.com\/blog\/wp-content\/uploads\/2015\/10\/clarins-2-440x294.jpg 440w\" sizes=\"auto, (max-width: 700px) 100vw, 700px\" \/><\/p>\n<p>La premi\u00e8re fois que j&rsquo;ai parl\u00e9 de Clarins ici, c&rsquo;\u00e9tait en 2007 \u00e0 propos d&rsquo;un <a href=\"http:\/\/www.monblogdefille.com\/blog\/la-saga-du-baume-a-levres-part-14227-ou-le-frere-aine-de-dieu\" target=\"_blank\"><strong>baume \u00e0 l\u00e8vres<\/strong><\/a> (l&rsquo;obsession pour ce type de produit \u00e9tait d\u00e9j\u00e0 l\u00e0 ;-).<\/p>\n<p>En 7 ans et demi j&rsquo;ai eu l&rsquo;occasion d&rsquo;en d\u00e9couvrir bien plus : les produits sont de tr\u00e8s bonne qualit\u00e9, la marque est fran\u00e7aise et n&rsquo;appartient \u00e0 aucun groupe (c&rsquo;est la m\u00eame famille qui la poss\u00e8de depuis le d\u00e9but, de nos jours et dans ce milieu c&rsquo;est rare), et tous les produits sont fabriqu\u00e9s dans l&rsquo;usine de Pontoise (que j&rsquo;ai visit\u00e9e en m\u00eame temps que <a href=\"http:\/\/www.monblogdefille.com\/blog\/dans-les-labos-de-clarins\" target=\"_blank\"><strong>les labos<\/strong><\/a>).<\/p>\n<p>J&rsquo;ai mes chouchous que vous devinerez facilement : Double S\u00e9rum, Huile Orchid\u00e9e Bleue et UV Plus (le fameux petit \u00e9cran solaire de ville). Ahhh, et l&rsquo;apr\u00e8s soleil, my god !! Quelle merveille celui-l\u00e0 !<\/p>\n<p>J&rsquo;ai donc eu envie de permettre \u00e0 l&rsquo;une d&rsquo;entre vous de d\u00e9couvrir tout \u00e7a, et Clarins a tr\u00e8s gentiment accept\u00e9 de mettre en jeu une <strong>routine de soin compl\u00e8te visage et corps<\/strong>.<\/p>\n<p>Je ne peux pas vous lister ou d\u00e9crire les produits, puisqu&rsquo;ils d\u00e9pendront de la peau et des besoin de la gagnante et que tout sera choisi sur mesure, mais je pense que l&rsquo;id\u00e9e se suffit \u00e0 elle-m\u00eame ;-)<\/p>\n<p>Sympa hein ?<\/p>\n<p>Pour participer, laissez ci-dessous un commentaire pour dire quel est votre produit Clarins pr\u00e9f\u00e9r\u00e9 (s&rsquo;il y en a un, pas de panique si vous ne connaissez pas du tout la marque, vous pouvez participer quand m\u00eame ;-).<\/p>\n<p>Vous avez jusqu&rsquo;au <strong>vendredi 16 octobre \u00e0 19h<\/strong> pour participer, \u00e0 vous !<\/p>\n<p style=\"text-align: center;\"><span style=\"text-decoration: underline;\"><strong>Important<\/strong> : nous ne pouvons ouvrir ces concours qu&rsquo;aux personnes <strong>majeures<\/strong><br \/>\net vivant en <strong>France m\u00e9tropolitaine<\/strong>.<\/span><\/p>\n<p>Les <strong>gagnantes<\/strong> des <strong>10 concours<\/strong> seront annonc\u00e9s dans un billet sp\u00e9cial ici sur mon blog, <strong>fin octobre<\/strong> (ou d\u00e9but novembre si c&rsquo;est trop le rush ;-).<\/p>\n","protected":false},"excerpt":{"rendered":"<p><img loading=\"lazy\" decoding=\"async\" class=\"aligncenter size-full wp-image-157324\" src=\"http:\/\/www.monblogdefille.com\/blog\/wp-content\/uploads\/2015\/10\/clarins-2.jpg\" alt=\"clarins 2\" width=\"700\" height=\"467\" srcset=\"https:\/\/www.monblogdefille.com\/blog\/wp-content\/uploads\/2015\/10\/clarins-2.jpg 700w, https:\/\/www.monblogdefille.com\/blog\/wp-content\/uploads\/2015\/10\/clarins-2-300x200.jpg 300w, https:\/\/www.monblogdefille.com\/blog\/wp-content\/uploads\/2015\/10\/clarins-2-440x294.jpg 440w\" sizes=\"auto, (max-width: 700px) 100vw, 700px\" \/><\/p>\n","protected":false},"author":3,"featured_media":157324,"comment_status":"open","ping_status":"open","sticky":false,"template":"","format":"standard","meta":{"footnotes":""},"categories":[1489],"tags":[20136,20082],"class_list":["post-157322","post","type-post","status-publish","format-standard","has-post-thumbnail","hentry","category-le-soin","tag-clarins","tag-concours"],"_links":{"self":[{"href":"https:\/\/www.monblogdefille.com\/blog\/wp-json\/wp\/v2\/posts\/157322","targetHints":{"allow":["GET"]}}],"collection":[{"href":"https:\/\/www.monblogdefille.com\/blog\/wp-json\/wp\/v2\/posts"}],"about":[{"href":"https:\/\/www.monblogdefille.com\/blog\/wp-json\/wp\/v2\/types\/post"}],"author":[{"embeddable":true,"href":"https:\/\/www.monblogdefille.com\/blog\/wp-json\/wp\/v2\/users\/3"}],"replies":[{"embeddable":true,"href":"https:\/\/www.monblogdefille.com\/blog\/wp-json\/wp\/v2\/comments?post=157322"}],"version-history":[{"count":0,"href":"https:\/\/www.monblogdefille.com\/blog\/wp-json\/wp\/v2\/posts\/157322\/revisions"}],"wp:featuredmedia":[{"embeddable":true,"href":"https:\/\/www.monblogdefille.com\/blog\/wp-json\/wp\/v2\/media\/157324"}],"wp:attachment":[{"href":"https:\/\/www.monblogdefille.com\/blog\/wp-json\/wp\/v2\/media?parent=157322"}],"wp:term":[{"taxonomy":"category","embeddable":true,"href":"https:\/\/www.monblogdefille.com\/blog\/wp-json\/wp\/v2\/categories?post=157322"},{"taxonomy":"post_tag","embeddable":true,"href":"https:\/\/www.monblogdefille.com\/blog\/wp-json\/wp\/v2\/tags?post=157322"}],"curies":[{"name":"wp","href":"https:\/\/api.w.org\/{rel}","templated":true}]}}