{"id":156845,"date":"2015-09-04T09:00:48","date_gmt":"2015-09-04T07:00:48","guid":{"rendered":"http:\/\/www.monblogdefille.com\/blog\/?p=156845"},"modified":"2015-09-10T09:37:04","modified_gmt":"2015-09-10T07:37:04","slug":"vous-etes-maquillees-dans-lavion","status":"publish","type":"post","link":"https:\/\/www.monblogdefille.com\/blog\/vous-etes-maquillees-dans-lavion\/","title":{"rendered":"Vous \u00eates maquill\u00e9es dans l&rsquo;avion ?"},"content":{"rendered":"<p><img loading=\"lazy\" decoding=\"async\" class=\"aligncenter size-full wp-image-156846\" src=\"http:\/\/www.monblogdefille.com\/blog\/wp-content\/uploads\/2015\/08\/IMG_5695.jpg\" alt=\"IMG_5695\" width=\"700\" height=\"700\" srcset=\"https:\/\/www.monblogdefille.com\/blog\/wp-content\/uploads\/2015\/08\/IMG_5695.jpg 700w, https:\/\/www.monblogdefille.com\/blog\/wp-content\/uploads\/2015\/08\/IMG_5695-300x300.jpg 300w\" sizes=\"auto, (max-width: 700px) 100vw, 700px\" \/><\/p>\n<p>La <strong><a href=\"http:\/\/www.temptalia.com\/what-makeup-do-you-wear-when-you-travel-by-plane\" target=\"_blank\" rel=\"noopener\">question-Temptalia<\/a><\/strong> de la semaine ;-)<\/p>\n<p>Moi \u00e7a d\u00e9pend de la longueur du vol, de l&rsquo;heure de d\u00e9part et de ce qui m&rsquo;attend \u00e0 l&rsquo;arriv\u00e9e : si je vais \u00e0 Los Angeles (genre j&rsquo;y vais tous les 4 matins ;-)), \u00e9videmment je ne porte que du soin sur le visage, le voyage est d\u00e9j\u00e0 bien assez long et inconfortable comme \u00e7a.<\/p>\n<p>Si je vais \u00e0 Toulouse pour le boulot et que je ne pars pas \u00e0 4h du matin, je me maquille normalement (par contre si je vais \u00e0 Toulouse en vacances je ne me maquille pas, je ne suis jamais maquill\u00e9e en vacances) (et \u00e0 4h du matin, o\u00f9 que j&rsquo;aille et quelle qu&rsquo;en soit la raison, il n&rsquo;est pas question que je me maquille ! ;-).<\/p>\n<p>Et vous ?<\/p>\n","protected":false},"excerpt":{"rendered":"<p><img loading=\"lazy\" decoding=\"async\" class=\"aligncenter size-full wp-image-156846\" src=\"http:\/\/www.monblogdefille.com\/blog\/wp-content\/uploads\/2015\/08\/IMG_5695.jpg\" alt=\"IMG_5695\" width=\"700\" height=\"700\" srcset=\"https:\/\/www.monblogdefille.com\/blog\/wp-content\/uploads\/2015\/08\/IMG_5695.jpg 700w, https:\/\/www.monblogdefille.com\/blog\/wp-content\/uploads\/2015\/08\/IMG_5695-300x300.jpg 300w\" sizes=\"auto, (max-width: 700px) 100vw, 700px\" \/><\/p>\n","protected":false},"author":3,"featured_media":156846,"comment_status":"open","ping_status":"open","sticky":false,"template":"","format":"standard","meta":{"footnotes":""},"categories":[1485],"tags":[],"class_list":["post-156845","post","type-post","status-publish","format-standard","has-post-thumbnail","hentry","category-le-maquillage"],"_links":{"self":[{"href":"https:\/\/www.monblogdefille.com\/blog\/wp-json\/wp\/v2\/posts\/156845","targetHints":{"allow":["GET"]}}],"collection":[{"href":"https:\/\/www.monblogdefille.com\/blog\/wp-json\/wp\/v2\/posts"}],"about":[{"href":"https:\/\/www.monblogdefille.com\/blog\/wp-json\/wp\/v2\/types\/post"}],"author":[{"embeddable":true,"href":"https:\/\/www.monblogdefille.com\/blog\/wp-json\/wp\/v2\/users\/3"}],"replies":[{"embeddable":true,"href":"https:\/\/www.monblogdefille.com\/blog\/wp-json\/wp\/v2\/comments?post=156845"}],"version-history":[{"count":0,"href":"https:\/\/www.monblogdefille.com\/blog\/wp-json\/wp\/v2\/posts\/156845\/revisions"}],"wp:featuredmedia":[{"embeddable":true,"href":"https:\/\/www.monblogdefille.com\/blog\/wp-json\/wp\/v2\/media\/156846"}],"wp:attachment":[{"href":"https:\/\/www.monblogdefille.com\/blog\/wp-json\/wp\/v2\/media?parent=156845"}],"wp:term":[{"taxonomy":"category","embeddable":true,"href":"https:\/\/www.monblogdefille.com\/blog\/wp-json\/wp\/v2\/categories?post=156845"},{"taxonomy":"post_tag","embeddable":true,"href":"https:\/\/www.monblogdefille.com\/blog\/wp-json\/wp\/v2\/tags?post=156845"}],"curies":[{"name":"wp","href":"https:\/\/api.w.org\/{rel}","templated":true}]}}