{"id":156772,"date":"2015-08-18T09:00:57","date_gmt":"2015-08-18T07:00:57","guid":{"rendered":"http:\/\/www.monblogdefille.com\/blog\/?p=156772"},"modified":"2015-08-21T10:10:02","modified_gmt":"2015-08-21T08:10:02","slug":"que-vaut-le-nouvel-anti-cernes-2-en-1-de-dior","status":"publish","type":"post","link":"https:\/\/www.monblogdefille.com\/blog\/que-vaut-le-nouvel-anti-cernes-2-en-1-de-dior\/","title":{"rendered":"Que vaut le nouvel anti cernes 2 en 1 de Dior ?"},"content":{"rendered":"<p><img loading=\"lazy\" decoding=\"async\" class=\"aligncenter size-full wp-image-156773\" src=\"http:\/\/www.monblogdefille.com\/blog\/wp-content\/uploads\/2015\/08\/dior_fix_it.jpg\" alt=\"dior_fix_it\" width=\"700\" height=\"555\" srcset=\"https:\/\/www.monblogdefille.com\/blog\/wp-content\/uploads\/2015\/08\/dior_fix_it.jpg 700w, https:\/\/www.monblogdefille.com\/blog\/wp-content\/uploads\/2015\/08\/dior_fix_it-300x238.jpg 300w\" sizes=\"auto, (max-width: 700px) 100vw, 700px\" \/><\/p>\n<p>Depuis l&rsquo;arr\u00eat de mon anti cernes pr\u00e9f\u00e9r\u00e9 chez Shiseido (heureusement j&rsquo;ai du back up ;-), toute nouvelle sortie d&rsquo;anti cernes m&rsquo;int\u00e9resse encore plus que d&rsquo;habitude.<\/p>\n<p>Je me suis donc jet\u00e9e sur le <strong><a href=\"http:\/\/tinyurl.com\/h8arknu\" target=\"_blank\" rel=\"noopener\">Fix It de Dior<\/a><\/strong> avec un enthousiasme augment\u00e9 par le fait qu&rsquo;il annonce \u00eatre utilisable pour le contour d&rsquo;oeil (cernes), le visage (imperfections) et la bouche (att\u00e9nuer sa couleur pour avoir la vraie couleur du rouge \u00e0 l\u00e8vres &#8211; ma grande marotte, je vous le rappelle).<\/p>\n<p><strong><em>Les plus :<\/em><\/strong><\/p>\n<p>&#8211; le packaging est hyper pratique, un anti cernes en stick restera quand m\u00eame toujours le truc le plus facile \u00e0 transporter et \u00e0 utiliser, sans aucun outil n\u00e9cessaire (tout au doigt)<\/p>\n<p>&#8211; le Medium est bien jaune comme j&rsquo;aime, j&rsquo;appr\u00e9cie qu&rsquo;un anti cernes ne soit pas rose (pas si fr\u00e9quent chez les marques de luxe)<\/p>\n<p>&#8211; il arrive \u00e0 couvrir mon cerne gauche sans effet pl\u00e2tre, \u00e7a n&rsquo;est pas peu dire<\/p>\n<p>&#8211; sur le visage il est parfait, il couvre mes taches avec juste la bonne couvrance et la bonne texture<\/p>\n<p>&#8211; il s&rsquo;estompe hyper facilement au doigt, sous les yeux ou sur le visage, il est hyper facile \u00e0 travailler<\/p>\n<p>&#8211; pour moi c&rsquo;est un produit mixte, ce que j&rsquo;appr\u00e9cie toujours<\/p>\n<p><strong><em>Les moins :<\/em><\/strong><\/p>\n<p>&#8211; il n&rsquo;y a que deux teintes ; la couleur la plus claire (Medium) me va en ce moment, ce qui veut dire qu&rsquo;elle sera trop fonc\u00e9e cet hiver (et que si vous avez la peau plus claire que moi \u00e7a ne vous conviendra pas)<\/p>\n<p><strong>Edit :<\/strong> Gr\u00e2ce \u00e0 Pixie on sait qu&rsquo;il existe une teinte 001, \u00e9videmment destin\u00e9e aux anglaises et pas \u00e0 nous comme toujours, mais on la trouve sur <a href=\"http:\/\/fr.feelunique.com\/p\/Dior-Backstage-Pro-Fix-It-Concealer\" target=\"_blank\" rel=\"noopener\"><strong>Feelunique<\/strong><\/a>, yesss ! Merci Pixie !<\/p>\n<p>&#8211; sur moi il crease plus sous les yeux que le Shiseido, mais si vous avez le contour d&rsquo;oeil d\u00e9shydrat\u00e9 ou sec \u00e7a sera peut-\u00eatre la bonne texture pour vous<\/p>\n<p>&#8211; par contre je ne le trouve pas assez confortable sur les l\u00e8vres (ce qui ne devrait pas \u00eatre le cas vu comme il se comporte sous mes yeux, tout \u00e7a est myst\u00e9rieux), m\u00eame avec du baume dessous. Mais la couleur fait parfaitement le job pour att\u00e9nuer celle des l\u00e8vres.<\/p>\n<p>Voil\u00e0 les enfants ! Quelqu&rsquo;un l&rsquo;a essay\u00e9 ?<\/p>\n","protected":false},"excerpt":{"rendered":"<p><img loading=\"lazy\" decoding=\"async\" class=\"aligncenter size-full wp-image-156773\" src=\"http:\/\/www.monblogdefille.com\/blog\/wp-content\/uploads\/2015\/08\/dior_fix_it.jpg\" alt=\"dior_fix_it\" width=\"700\" height=\"555\" srcset=\"https:\/\/www.monblogdefille.com\/blog\/wp-content\/uploads\/2015\/08\/dior_fix_it.jpg 700w, https:\/\/www.monblogdefille.com\/blog\/wp-content\/uploads\/2015\/08\/dior_fix_it-300x238.jpg 300w\" sizes=\"auto, (max-width: 700px) 100vw, 700px\" \/><\/p>\n","protected":false},"author":3,"featured_media":156773,"comment_status":"open","ping_status":"open","sticky":false,"template":"","format":"standard","meta":{"footnotes":""},"categories":[1485],"tags":[20093],"class_list":["post-156772","post","type-post","status-publish","format-standard","has-post-thumbnail","hentry","category-le-maquillage","tag-anti-cernes"],"_links":{"self":[{"href":"https:\/\/www.monblogdefille.com\/blog\/wp-json\/wp\/v2\/posts\/156772","targetHints":{"allow":["GET"]}}],"collection":[{"href":"https:\/\/www.monblogdefille.com\/blog\/wp-json\/wp\/v2\/posts"}],"about":[{"href":"https:\/\/www.monblogdefille.com\/blog\/wp-json\/wp\/v2\/types\/post"}],"author":[{"embeddable":true,"href":"https:\/\/www.monblogdefille.com\/blog\/wp-json\/wp\/v2\/users\/3"}],"replies":[{"embeddable":true,"href":"https:\/\/www.monblogdefille.com\/blog\/wp-json\/wp\/v2\/comments?post=156772"}],"version-history":[{"count":0,"href":"https:\/\/www.monblogdefille.com\/blog\/wp-json\/wp\/v2\/posts\/156772\/revisions"}],"wp:featuredmedia":[{"embeddable":true,"href":"https:\/\/www.monblogdefille.com\/blog\/wp-json\/wp\/v2\/media\/156773"}],"wp:attachment":[{"href":"https:\/\/www.monblogdefille.com\/blog\/wp-json\/wp\/v2\/media?parent=156772"}],"wp:term":[{"taxonomy":"category","embeddable":true,"href":"https:\/\/www.monblogdefille.com\/blog\/wp-json\/wp\/v2\/categories?post=156772"},{"taxonomy":"post_tag","embeddable":true,"href":"https:\/\/www.monblogdefille.com\/blog\/wp-json\/wp\/v2\/tags?post=156772"}],"curies":[{"name":"wp","href":"https:\/\/api.w.org\/{rel}","templated":true}]}}