{"id":156689,"date":"2015-08-07T09:00:59","date_gmt":"2015-08-07T07:00:59","guid":{"rendered":"http:\/\/www.monblogdefille.com\/blog\/?p=156689"},"modified":"2015-08-11T09:46:06","modified_gmt":"2015-08-11T07:46:06","slug":"votre-meilleur-hydratant-dete","status":"publish","type":"post","link":"https:\/\/www.monblogdefille.com\/blog\/votre-meilleur-hydratant-dete\/","title":{"rendered":"Votre meilleur hydratant d&rsquo;\u00e9t\u00e9 ?"},"content":{"rendered":"<p><img loading=\"lazy\" decoding=\"async\" class=\"aligncenter size-full wp-image-156690\" src=\"http:\/\/www.monblogdefille.com\/blog\/wp-content\/uploads\/2015\/08\/meilleur_hydratant_ete.jpg\" alt=\"meilleur_hydratant_ete\" width=\"700\" height=\"536\" srcset=\"https:\/\/www.monblogdefille.com\/blog\/wp-content\/uploads\/2015\/08\/meilleur_hydratant_ete.jpg 700w, https:\/\/www.monblogdefille.com\/blog\/wp-content\/uploads\/2015\/08\/meilleur_hydratant_ete-300x230.jpg 300w\" sizes=\"auto, (max-width: 700px) 100vw, 700px\" \/><\/p>\n<p>Merci <a href=\"http:\/\/www.temptalia.com\/best-moisturizer-for-summer\" target=\"_blank\" rel=\"noopener\"><strong>Christine<\/strong> <\/a>pour cette question tr\u00e8s int\u00e9ressante !<\/p>\n<p>Quand j&rsquo;entends \u00ab\u00a0hydratant\u00a0\u00bb, j&rsquo;entends \u00ab\u00a0produit du matin\u00a0\u00bb, mais \u00e9videmment on a le droit de porter la m\u00eame cr\u00e8me matin et soir.<\/p>\n<p>Je pense que j&rsquo;ai deux \u00ab\u00a0meilleurs hydratants d&rsquo;\u00e9t\u00e9\u00a0\u00bb :<\/p>\n<p>&#8211; la <a href=\"http:\/\/tinyurl.com\/zptvntc\" target=\"_blank\" rel=\"noopener\"><strong>DDML+ de Clinique<\/strong><\/a> suffit pour ma peau (pourtant s\u00e8che et d\u00e9shydrat\u00e9e le reste de l&rsquo;ann\u00e9e) quand il fait vraiment hyper chaud (donc c&rsquo;est assez rare mais je le signale quand m\u00eame) ;<\/p>\n<p>&#8211; et s&rsquo;il fait une temp\u00e9rature normale j&rsquo;y ajoute (oui oui par-dessus, la DDML+ me sert de toute fa\u00e7on de s\u00e9rum hydratant toute l&rsquo;ann\u00e9e le matin) l&rsquo;<strong><a href=\"http:\/\/tinyurl.com\/khjeq8q\" target=\"_blank\" rel=\"noopener\">Ultra Facial Cream de Kiehl&rsquo;s<\/a><\/strong>, qui hydrate super bien sans quasi rien laisser sur la peau. Ce n&rsquo;est pas celle que j&rsquo;utilise en ce moment (je suis \u00e0 la <strong>Nourish de Kate Sommerville<\/strong>, pas vendue en France) mais j&rsquo;y reviens toujours.<\/p>\n<p>Et vous ? ;-)<\/p>\n","protected":false},"excerpt":{"rendered":"<p><img loading=\"lazy\" decoding=\"async\" class=\"aligncenter size-full wp-image-156690\" src=\"http:\/\/www.monblogdefille.com\/blog\/wp-content\/uploads\/2015\/08\/meilleur_hydratant_ete.jpg\" alt=\"meilleur_hydratant_ete\" width=\"700\" height=\"536\" srcset=\"https:\/\/www.monblogdefille.com\/blog\/wp-content\/uploads\/2015\/08\/meilleur_hydratant_ete.jpg 700w, https:\/\/www.monblogdefille.com\/blog\/wp-content\/uploads\/2015\/08\/meilleur_hydratant_ete-300x230.jpg 300w\" sizes=\"auto, (max-width: 700px) 100vw, 700px\" \/><\/p>\n","protected":false},"author":3,"featured_media":156690,"comment_status":"open","ping_status":"open","sticky":false,"template":"","format":"standard","meta":{"footnotes":""},"categories":[1489],"tags":[20089],"class_list":["post-156689","post","type-post","status-publish","format-standard","has-post-thumbnail","hentry","category-le-soin","tag-hydratation"],"_links":{"self":[{"href":"https:\/\/www.monblogdefille.com\/blog\/wp-json\/wp\/v2\/posts\/156689","targetHints":{"allow":["GET"]}}],"collection":[{"href":"https:\/\/www.monblogdefille.com\/blog\/wp-json\/wp\/v2\/posts"}],"about":[{"href":"https:\/\/www.monblogdefille.com\/blog\/wp-json\/wp\/v2\/types\/post"}],"author":[{"embeddable":true,"href":"https:\/\/www.monblogdefille.com\/blog\/wp-json\/wp\/v2\/users\/3"}],"replies":[{"embeddable":true,"href":"https:\/\/www.monblogdefille.com\/blog\/wp-json\/wp\/v2\/comments?post=156689"}],"version-history":[{"count":0,"href":"https:\/\/www.monblogdefille.com\/blog\/wp-json\/wp\/v2\/posts\/156689\/revisions"}],"wp:featuredmedia":[{"embeddable":true,"href":"https:\/\/www.monblogdefille.com\/blog\/wp-json\/wp\/v2\/media\/156690"}],"wp:attachment":[{"href":"https:\/\/www.monblogdefille.com\/blog\/wp-json\/wp\/v2\/media?parent=156689"}],"wp:term":[{"taxonomy":"category","embeddable":true,"href":"https:\/\/www.monblogdefille.com\/blog\/wp-json\/wp\/v2\/categories?post=156689"},{"taxonomy":"post_tag","embeddable":true,"href":"https:\/\/www.monblogdefille.com\/blog\/wp-json\/wp\/v2\/tags?post=156689"}],"curies":[{"name":"wp","href":"https:\/\/api.w.org\/{rel}","templated":true}]}}