{"id":156579,"date":"2015-07-10T09:00:49","date_gmt":"2015-07-10T07:00:49","guid":{"rendered":"http:\/\/www.monblogdefille.com\/blog\/?p=156579"},"modified":"2015-07-27T09:56:09","modified_gmt":"2015-07-27T07:56:09","slug":"nettoyez-bien-vos-solaires-le-soir","status":"publish","type":"post","link":"https:\/\/www.monblogdefille.com\/blog\/nettoyez-bien-vos-solaires-le-soir\/","title":{"rendered":"Nettoyez bien vos solaires le soir"},"content":{"rendered":"<p><img loading=\"lazy\" decoding=\"async\" class=\"aligncenter size-full wp-image-156580\" src=\"http:\/\/www.monblogdefille.com\/blog\/wp-content\/uploads\/2015\/07\/nettoyer_produits_solaires_soir.jpg\" alt=\"nettoyer_produits_solaires_soir\" width=\"700\" height=\"534\" srcset=\"https:\/\/www.monblogdefille.com\/blog\/wp-content\/uploads\/2015\/07\/nettoyer_produits_solaires_soir.jpg 700w, https:\/\/www.monblogdefille.com\/blog\/wp-content\/uploads\/2015\/07\/nettoyer_produits_solaires_soir-300x229.jpg 300w\" sizes=\"auto, (max-width: 700px) 100vw, 700px\" \/><\/p>\n<p style=\"text-align: center;\"><em>(<strong><a href=\"http:\/\/tinyurl.com\/qdya43p\" target=\"_blank\" rel=\"noopener\">Emulsion Toucher Sec Av\u00e8ne<\/a> <\/strong>&#8211; <a href=\"http:\/\/tidd.ly\/bc47caa7\" target=\"_blank\" rel=\"noopener\"><strong>Lait visage et corps Shiseido Wetforce<\/strong><\/a><br \/>\n(contrairement \u00e0 ce qu&rsquo;\u00e9crit Sephora, \u00e7a n&rsquo;est pas une \u00e9dition limit\u00e9e)<br \/>\n&#8211; <a href=\"http:\/\/tinyurl.com\/qe4k5l7\" target=\"_blank\" rel=\"noopener\"><strong>Cr\u00e8me Solaire Anti-Rides visage SPF 50 Clarins<\/strong><\/a>)<\/em><\/p>\n<p>C&rsquo;est valable pour tous les produits solaires &#8211; comme je l&rsquo;ai dit dans <a href=\"http:\/\/www.monblogdefille.com\/blog\/ma-routine-du-soir-en-live\" target=\"_blank\"><strong>cette vid\u00e9o<\/strong><\/a>, <em>on ne veut pas plus dormir dans son SPF que dans son maquillage<\/em> &#8211; et encore plus pour les nouveaux Shiseido faits pour r\u00e9sister \u00e0 l&rsquo;eau \u00e0 mort.<\/p>\n<p>Quel que soit le produit, savonnez bien tout votre corps sous la douche ; vous n&rsquo;avez pas besoin d&rsquo;un savon sp\u00e9cial, n&rsquo;importe quel gel douche ou savon fera l&rsquo;affaire.<\/p>\n<p>Pour votre visage utilisez votre nettoyant habituel (non, pas des lingettes ;-), tant que vous nettoyez bien c&rsquo;est tout ce qui compte. Si vous \u00eates maquill\u00e9e vous pouvez envisager de re nettoyer (sans agresser votre peau) apr\u00e8s le d\u00e9maquillage, surtout si vous portez un \u00e9cran solaire hyper r\u00e9sistant \u00e0 l&rsquo;eau sur le visage.<\/p>\n<p>Perso quand j&rsquo;ai un solaire sous mon maquillage (m\u00eame un solaire de ville), je me d\u00e9maquille \u00e0 <a href=\"http:\/\/tinyurl.com\/q3ad52r\" target=\"_blank\" rel=\"noopener\"><strong>l&rsquo;huile<\/strong><\/a> puis je nettoie avec mon cher <strong><a href=\"http:\/\/spacenk.borderfree.com\/cleanser\/MUK154050009.html\" target=\"_blank\" rel=\"noopener\">baume Eve Lom<\/a><\/strong>. Si je n&rsquo;ai pas de maquillage j&rsquo;utilise juste le baume, comme vu dans <a href=\"http:\/\/www.monblogdefille.com\/blog\/ma-routine-du-soir-en-live\" target=\"_blank\"><strong>la m\u00eame vid\u00e9o<\/strong><\/a>.<\/p>\n<p><strong>PS :<\/strong> en fait je constate que je fais une fixette, j&rsquo;en parlais d\u00e9j\u00e0 <a href=\"http:\/\/www.monblogdefille.com\/blog\/bien-demaquiller-les-produits-solaires\" target=\"_blank\"><strong>il y a un an<\/strong><\/a> ;-)<\/p>\n","protected":false},"excerpt":{"rendered":"<p><img loading=\"lazy\" decoding=\"async\" class=\"aligncenter size-full wp-image-156580\" src=\"http:\/\/www.monblogdefille.com\/blog\/wp-content\/uploads\/2015\/07\/nettoyer_produits_solaires_soir.jpg\" alt=\"nettoyer_produits_solaires_soir\" width=\"700\" height=\"534\" srcset=\"https:\/\/www.monblogdefille.com\/blog\/wp-content\/uploads\/2015\/07\/nettoyer_produits_solaires_soir.jpg 700w, https:\/\/www.monblogdefille.com\/blog\/wp-content\/uploads\/2015\/07\/nettoyer_produits_solaires_soir-300x229.jpg 300w\" sizes=\"auto, (max-width: 700px) 100vw, 700px\" \/><\/p>\n","protected":false},"author":3,"featured_media":156580,"comment_status":"open","ping_status":"open","sticky":false,"template":"","format":"standard","meta":{"footnotes":""},"categories":[1489],"tags":[19961],"class_list":["post-156579","post","type-post","status-publish","format-standard","has-post-thumbnail","hentry","category-le-soin","tag-soleil"],"_links":{"self":[{"href":"https:\/\/www.monblogdefille.com\/blog\/wp-json\/wp\/v2\/posts\/156579","targetHints":{"allow":["GET"]}}],"collection":[{"href":"https:\/\/www.monblogdefille.com\/blog\/wp-json\/wp\/v2\/posts"}],"about":[{"href":"https:\/\/www.monblogdefille.com\/blog\/wp-json\/wp\/v2\/types\/post"}],"author":[{"embeddable":true,"href":"https:\/\/www.monblogdefille.com\/blog\/wp-json\/wp\/v2\/users\/3"}],"replies":[{"embeddable":true,"href":"https:\/\/www.monblogdefille.com\/blog\/wp-json\/wp\/v2\/comments?post=156579"}],"version-history":[{"count":0,"href":"https:\/\/www.monblogdefille.com\/blog\/wp-json\/wp\/v2\/posts\/156579\/revisions"}],"wp:featuredmedia":[{"embeddable":true,"href":"https:\/\/www.monblogdefille.com\/blog\/wp-json\/wp\/v2\/media\/156580"}],"wp:attachment":[{"href":"https:\/\/www.monblogdefille.com\/blog\/wp-json\/wp\/v2\/media?parent=156579"}],"wp:term":[{"taxonomy":"category","embeddable":true,"href":"https:\/\/www.monblogdefille.com\/blog\/wp-json\/wp\/v2\/categories?post=156579"},{"taxonomy":"post_tag","embeddable":true,"href":"https:\/\/www.monblogdefille.com\/blog\/wp-json\/wp\/v2\/tags?post=156579"}],"curies":[{"name":"wp","href":"https:\/\/api.w.org\/{rel}","templated":true}]}}