{"id":156516,"date":"2015-07-06T09:00:38","date_gmt":"2015-07-06T07:00:38","guid":{"rendered":"http:\/\/www.monblogdefille.com\/blog\/?p=156516"},"modified":"2017-01-09T16:21:12","modified_gmt":"2017-01-09T15:21:12","slug":"combi-chic","status":"publish","type":"post","link":"https:\/\/www.monblogdefille.com\/blog\/combi-chic\/","title":{"rendered":"Combi chic"},"content":{"rendered":"<p><img loading=\"lazy\" decoding=\"async\" class=\"aligncenter size-full wp-image-156517\" src=\"http:\/\/www.monblogdefille.com\/blog\/wp-content\/uploads\/2015\/07\/combi_chic-7.jpg\" alt=\"combi_chic 7\" width=\"700\" height=\"556\" srcset=\"https:\/\/www.monblogdefille.com\/blog\/wp-content\/uploads\/2015\/07\/combi_chic-7.jpg 700w, https:\/\/www.monblogdefille.com\/blog\/wp-content\/uploads\/2015\/07\/combi_chic-7-300x238.jpg 300w\" sizes=\"auto, (max-width: 700px) 100vw, 700px\" \/><\/p>\n<p>Voil\u00e0\u00e0\u00e0\u00e0, j&rsquo;arrive avec ma combinaison ! J&rsquo;ai finalement renvoy\u00e9 <strong><a href=\"http:\/\/www.monblogdefille.com\/blog\/lacher-et-oser-le-short-et-la-combi\" target=\"_blank\">les premi\u00e8res<\/a><\/strong> que j&rsquo;avais command\u00e9es, parce qu&rsquo;elles pr\u00e9sentaient le probl\u00e8me \u00e9voqu\u00e9 par certaines d&rsquo;entre vous dans les commentaires : le buste n&rsquo;\u00e9tait pas tout \u00e0 fait assez long pour moi du coup \u00e7a manquait un poil de confort.<\/p>\n<p>Celle-ci est absolument parfaite et confort et pas chiante (ah oui, il faut quand m\u00eame se d\u00e9saper enti\u00e8rement pour aller aux toilettes mais je vous jure qu&rsquo;on y survit tr\u00e8s bien ;-).<\/p>\n<p>J&rsquo;avais envie de la porter de fa\u00e7on un peu \u00ab\u00a0chic\u00a0\u00bb pour changer de mes looks habituels, et de la mettre en valeur devant un fond tr\u00e8s contrastant, dans cette lumi\u00e8re presque italienne.<\/p>\n<p>Bref, j&rsquo;en suis enchant\u00e9e et je vais sans doute la porter demain pour la soir\u00e9e qui a lieu \u00e0 l&rsquo;occasion des 80 ans de Lanc\u00f4me (yep je tenterai de faire une photo avec Lisa Eldridge pour vous &#8211; et Lupita Nyong&rsquo;o que j&rsquo;admire beaucoup).<\/p>\n<p><img loading=\"lazy\" decoding=\"async\" class=\"aligncenter size-full wp-image-156518\" src=\"http:\/\/www.monblogdefille.com\/blog\/wp-content\/uploads\/2015\/07\/combi_chic-2.jpg\" alt=\"combi_chic 2\" width=\"700\" height=\"497\" srcset=\"https:\/\/www.monblogdefille.com\/blog\/wp-content\/uploads\/2015\/07\/combi_chic-2.jpg 700w, https:\/\/www.monblogdefille.com\/blog\/wp-content\/uploads\/2015\/07\/combi_chic-2-300x213.jpg 300w\" sizes=\"auto, (max-width: 700px) 100vw, 700px\" \/><\/p>\n<p><img loading=\"lazy\" decoding=\"async\" class=\"aligncenter size-full wp-image-156519\" src=\"http:\/\/www.monblogdefille.com\/blog\/wp-content\/uploads\/2015\/07\/combi_chic-3.jpg\" alt=\"combi_chic 3\" width=\"700\" height=\"559\" srcset=\"https:\/\/www.monblogdefille.com\/blog\/wp-content\/uploads\/2015\/07\/combi_chic-3.jpg 700w, https:\/\/www.monblogdefille.com\/blog\/wp-content\/uploads\/2015\/07\/combi_chic-3-300x240.jpg 300w\" sizes=\"auto, (max-width: 700px) 100vw, 700px\" \/><\/p>\n<p><img loading=\"lazy\" decoding=\"async\" class=\"aligncenter size-full wp-image-156522\" src=\"http:\/\/www.monblogdefille.com\/blog\/wp-content\/uploads\/2015\/07\/combi_chic-6.jpg\" alt=\"combi_chic 6\" width=\"700\" height=\"578\" srcset=\"https:\/\/www.monblogdefille.com\/blog\/wp-content\/uploads\/2015\/07\/combi_chic-6.jpg 700w, https:\/\/www.monblogdefille.com\/blog\/wp-content\/uploads\/2015\/07\/combi_chic-6-300x248.jpg 300w\" sizes=\"auto, (max-width: 700px) 100vw, 700px\" \/><\/p>\n<p><img loading=\"lazy\" decoding=\"async\" class=\"aligncenter size-full wp-image-156523\" src=\"http:\/\/www.monblogdefille.com\/blog\/wp-content\/uploads\/2015\/07\/combi_chic-1.jpg\" alt=\"combi_chic 1\" width=\"700\" height=\"620\" srcset=\"https:\/\/www.monblogdefille.com\/blog\/wp-content\/uploads\/2015\/07\/combi_chic-1.jpg 700w, https:\/\/www.monblogdefille.com\/blog\/wp-content\/uploads\/2015\/07\/combi_chic-1-300x266.jpg 300w\" sizes=\"auto, (max-width: 700px) 100vw, 700px\" \/><\/p>\n<p><img loading=\"lazy\" decoding=\"async\" class=\"aligncenter size-full wp-image-156520\" src=\"http:\/\/www.monblogdefille.com\/blog\/wp-content\/uploads\/2015\/07\/combi_chic-4.jpg\" alt=\"combi_chic 4\" width=\"700\" height=\"531\" srcset=\"https:\/\/www.monblogdefille.com\/blog\/wp-content\/uploads\/2015\/07\/combi_chic-4.jpg 700w, https:\/\/www.monblogdefille.com\/blog\/wp-content\/uploads\/2015\/07\/combi_chic-4-300x228.jpg 300w\" sizes=\"auto, (max-width: 700px) 100vw, 700px\" \/><\/p>\n<p><img loading=\"lazy\" decoding=\"async\" class=\"aligncenter size-full wp-image-156521\" src=\"http:\/\/www.monblogdefille.com\/blog\/wp-content\/uploads\/2015\/07\/combi_chic-5.jpg\" alt=\"combi_chic 5\" width=\"700\" height=\"568\" srcset=\"https:\/\/www.monblogdefille.com\/blog\/wp-content\/uploads\/2015\/07\/combi_chic-5.jpg 700w, https:\/\/www.monblogdefille.com\/blog\/wp-content\/uploads\/2015\/07\/combi_chic-5-300x243.jpg 300w\" sizes=\"auto, (max-width: 700px) 100vw, 700px\" \/><\/p>\n<p><img loading=\"lazy\" decoding=\"async\" class=\"aligncenter size-full wp-image-156524\" src=\"http:\/\/www.monblogdefille.com\/blog\/wp-content\/uploads\/2015\/07\/combi_chic-8.jpg\" alt=\"combi_chic 8\" width=\"700\" height=\"510\" srcset=\"https:\/\/www.monblogdefille.com\/blog\/wp-content\/uploads\/2015\/07\/combi_chic-8.jpg 700w, https:\/\/www.monblogdefille.com\/blog\/wp-content\/uploads\/2015\/07\/combi_chic-8-300x219.jpg 300w\" sizes=\"auto, (max-width: 700px) 100vw, 700px\" \/><\/p>\n<p style=\"text-align: center;\"><strong><a href=\"http:\/\/tinyurl.com\/oybmam7\" target=\"_blank\" rel=\"noopener\">Combinaison Asos<\/a> <\/strong>(\u00e7a taille normalement, comme d&rsquo;hab)<\/p>\n<p style=\"text-align: center;\"><strong><a href=\"http:\/\/www.unisa-europa.com\/fr-FR\/rita-15-1558\" target=\"_blank\" rel=\"noopener\">Sandales Unisa<\/a>, <\/strong>mod\u00e8le Rita<\/p>\n<p style=\"text-align: center;\"><strong><a href=\"http:\/\/tidd.ly\/c40ffdaf\" target=\"_blank\" rel=\"noopener\">Sac Aldo<\/a><\/strong> (je sais, c&rsquo;est du plastique. On a dit que l&rsquo;\u00e9t\u00e9 j&rsquo;avais le droit,<br \/>\nsurtout que je le trouve vraiment joli et qu&rsquo;il est hyper pratique)<\/p>\n<p style=\"text-align: center;\"><strong><a href=\"http:\/\/bit.ly\/2j8W6DO\" target=\"_blank\" rel=\"noopener\">Lunettes Ray Ban<\/a>, <\/strong>mod\u00e8le RB8301<\/p>\n<p style=\"text-align: center;\"><strong>Bagues habituelles, <a href=\"http:\/\/tinyurl.com\/px7e7ye\" target=\"_blank\" rel=\"noopener\">pendentif H\u00e9l\u00e8ne &amp; Gemmyo<\/a><\/strong>,<br \/>\n<strong><a href=\"http:\/\/tinyurl.com\/qf6sdw6\" target=\"_blank\" rel=\"noopener\">bracelet gingko<\/a><\/strong> et <a href=\"http:\/\/tinyurl.com\/q6262my\" target=\"_blank\" rel=\"noopener\"><strong>bracelet les Poulettes<\/strong><\/a> \u00e0 gauche, <a href=\"http:\/\/www.maemovement.com\/\" target=\"_blank\" rel=\"noopener\"><strong>bracelets Mae Movement<\/strong><\/a> \u00e0 droite<\/p>\n<p style=\"text-align: center;\"><a href=\"http:\/\/tinyurl.com\/olaszj9\" target=\"_blank\" rel=\"noopener\"><strong>Rouge \u00e0 l\u00e8vres NYX Mat<\/strong><\/a> Indie Flick (port\u00e9 sur du baume \u00e0 l\u00e8vres, d&rsquo;o\u00f9 la brillance)<\/p>\n<p style=\"text-align: center;\"><strong>Vernis Maybelline Tenue &amp; Strong<\/strong> Sunkissed (chez Monop)<\/p>\n<p style=\"text-align: center;\"><em>Merci <a href=\"http:\/\/www.styledotboy.com\/\" target=\"_blank\" rel=\"noopener\"><strong>Rapha\u00ebl<\/strong> <\/a>pour les photos !<\/em><\/p>\n<p>&nbsp;<\/p>\n","protected":false},"excerpt":{"rendered":"<p><img loading=\"lazy\" decoding=\"async\" class=\"aligncenter size-full wp-image-156517\" src=\"http:\/\/www.monblogdefille.com\/blog\/wp-content\/uploads\/2015\/07\/combi_chic-7.jpg\" alt=\"combi_chic 7\" width=\"700\" height=\"556\" srcset=\"https:\/\/www.monblogdefille.com\/blog\/wp-content\/uploads\/2015\/07\/combi_chic-7.jpg 700w, https:\/\/www.monblogdefille.com\/blog\/wp-content\/uploads\/2015\/07\/combi_chic-7-300x238.jpg 300w\" sizes=\"auto, (max-width: 700px) 100vw, 700px\" \/><\/p>\n","protected":false},"author":3,"featured_media":156517,"comment_status":"open","ping_status":"open","sticky":false,"template":"","format":"standard","meta":{"footnotes":""},"categories":[19927,20177],"tags":[20133],"class_list":["post-156516","post","type-post","status-publish","format-standard","has-post-thumbnail","hentry","category-looks","category-mode","tag-mode"],"_links":{"self":[{"href":"https:\/\/www.monblogdefille.com\/blog\/wp-json\/wp\/v2\/posts\/156516","targetHints":{"allow":["GET"]}}],"collection":[{"href":"https:\/\/www.monblogdefille.com\/blog\/wp-json\/wp\/v2\/posts"}],"about":[{"href":"https:\/\/www.monblogdefille.com\/blog\/wp-json\/wp\/v2\/types\/post"}],"author":[{"embeddable":true,"href":"https:\/\/www.monblogdefille.com\/blog\/wp-json\/wp\/v2\/users\/3"}],"replies":[{"embeddable":true,"href":"https:\/\/www.monblogdefille.com\/blog\/wp-json\/wp\/v2\/comments?post=156516"}],"version-history":[{"count":0,"href":"https:\/\/www.monblogdefille.com\/blog\/wp-json\/wp\/v2\/posts\/156516\/revisions"}],"wp:featuredmedia":[{"embeddable":true,"href":"https:\/\/www.monblogdefille.com\/blog\/wp-json\/wp\/v2\/media\/156517"}],"wp:attachment":[{"href":"https:\/\/www.monblogdefille.com\/blog\/wp-json\/wp\/v2\/media?parent=156516"}],"wp:term":[{"taxonomy":"category","embeddable":true,"href":"https:\/\/www.monblogdefille.com\/blog\/wp-json\/wp\/v2\/categories?post=156516"},{"taxonomy":"post_tag","embeddable":true,"href":"https:\/\/www.monblogdefille.com\/blog\/wp-json\/wp\/v2\/tags?post=156516"}],"curies":[{"name":"wp","href":"https:\/\/api.w.org\/{rel}","templated":true}]}}