{"id":156421,"date":"2015-06-28T09:30:45","date_gmt":"2015-06-28T07:30:45","guid":{"rendered":"http:\/\/www.monblogdefille.com\/blog\/?p=156421"},"modified":"2016-03-02T16:19:26","modified_gmt":"2016-03-02T15:19:26","slug":"decouvertes-et-favoris-juin-2015","status":"publish","type":"post","link":"https:\/\/www.monblogdefille.com\/blog\/decouvertes-et-favoris-juin-2015\/","title":{"rendered":"D\u00e9couvertes et favoris &#8211; juin 2015"},"content":{"rendered":"<p>[youtube]http:\/\/youtu.be\/b56AClB3PAQ[\/youtube]<\/p>\n<p style=\"text-align: center;\"><em><strong>Voici les r\u00e9ducs <a href=\"http:\/\/tidd.ly\/5e9f7d81\" target=\"_blank\" rel=\"noopener\">Sepho <\/a>jusqu&rsquo;au 30 juin, sur tous vos achats<br \/>\n(\u00e7a concerne les cartes Gold donc si vous n&rsquo;en avez pas, passez par le site web) :<\/strong><\/em><br \/>\n<em><strong> -25% \u00e0 partir de 100 \u20ac d&rsquo;achats avec le code FREJ2G<\/strong><\/em><br \/>\n<em><strong> -20% avec le code FREJ1G<\/strong><\/em><\/p>\n<p style=\"text-align: center;\"><strong>Les shorts ! <a href=\"http:\/\/tinyurl.com\/pl2tjak\" target=\"_blank\" rel=\"noopener\">Festival<\/a><\/strong> et<strong> <a href=\"http:\/\/tinyurl.com\/nj5d5wt\" target=\"_blank\" rel=\"noopener\">faux jean<\/a>\u00a0<\/strong><\/p>\n<p style=\"text-align: center;\"><strong><a href=\"http:\/\/tidd.ly\/bc47caa7\" target=\"_blank\" rel=\"noopener\">Nouveaux solaires Shiseido<\/a><\/strong><\/p>\n<p style=\"text-align: center;\"><a href=\"http:\/\/tinyurl.com\/n6lmmcu\" target=\"_blank\" rel=\"noopener\"><strong>Cr\u00e8me pour les pieds au chanvre The Body Shop<\/strong> <\/a><\/p>\n<p style=\"text-align: center;\"><strong><a href=\"http:\/\/tinyurl.com\/zm8yk2w\" target=\"_blank\" rel=\"noopener\">CC Cr\u00e8me Erborian<\/a><\/strong> <em>*port\u00e9e dans la vid\u00e9o<\/em><\/p>\n<p style=\"text-align: center;\"><strong><a href=\"http:\/\/tinyurl.com\/zayohr6\" target=\"_blank\" rel=\"noopener\">Shiseido teint naturel perfecteur<\/a><\/strong> en I20<\/p>\n<p style=\"text-align: center;\"><a href=\"http:\/\/tinyurl.com\/d8cbt4d\" target=\"_blank\" rel=\"noopener\"><strong>MAC Blot Powder<\/strong><\/a> en Medium Dark <em>*port\u00e9e dans la vid\u00e9o<\/em><\/p>\n<p style=\"text-align: center;\"><strong>Forever Eye Shadow Gosh en Light Copper<\/strong> (<strong>chez Marionnaud<\/strong>) <em>*port\u00e9 dans la vid\u00e9o<\/em><\/p>\n<p style=\"text-align: center;\"><a href=\"http:\/\/tinyurl.com\/zrsoxrb\" target=\"_blank\" rel=\"noopener\"><strong>Mascara Guerlain Cils d&rsquo;Enfer So Volume<\/strong><\/a> <em>*port\u00e9 dans la vid\u00e9o<\/em><\/p>\n<p style=\"text-align: center;\"><strong><a href=\"http:\/\/tinyurl.com\/boffqdz\" target=\"_blank\" rel=\"noopener\">Rouge \u00e0 l\u00e8vres MAC<\/a> <\/strong>en Shy Girl <em>*port\u00e9 dans la vid\u00e9o<\/em><\/p>\n<p style=\"text-align: center;\"><strong>Blush Lise Watier<\/strong> en P\u00eache (chez jean Coutu au Canada) <em>*port\u00e9 dans la vid\u00e9o<\/em><br \/>\nTr\u00e8s ressemblant : le <a href=\"http:\/\/tinyurl.com\/j9tactr\" target=\"_blank\" rel=\"noopener\"><strong>blush cr\u00e8me RMS Beauty<\/strong><\/a> en Smile<\/p>\n<p style=\"text-align: center;\"><strong>Gel sourcils Lanc\u00f4me<\/strong> en 01 blond<br \/>\n(dans les Grands Magasins : Printemps, Galafs, Bon March\u00e9) <em>*port\u00e9 dans la vid\u00e9o<\/em><\/p>\n<p>Je porte un top Zara, mon <a href=\"http:\/\/tinyurl.com\/px7e7ye\" target=\"_blank\" rel=\"noopener\"><strong>pendentif H\u00e9l\u00e8ne &amp; Gemmyo<\/strong><\/a>, mes bagues habituelles, mon <strong><a href=\"http:\/\/tinyurl.com\/qf6sdw6\" target=\"_blank\" rel=\"noopener\">bracelet gingko<\/a><\/strong>, et le vernis Dior Sailor (\u00e9dition limit\u00e9e, \u00e9t\u00e9 2014).<\/p>\n","protected":false},"excerpt":{"rendered":"<p><img loading=\"lazy\" decoding=\"async\" class=\"aligncenter size-full wp-image-156422\" src=\"http:\/\/www.monblogdefille.com\/blog\/wp-content\/uploads\/2015\/06\/favoris-juin-2015.jpg\" alt=\"favoris juin 2015\" width=\"700\" height=\"491\" srcset=\"https:\/\/www.monblogdefille.com\/blog\/wp-content\/uploads\/2015\/06\/favoris-juin-2015.jpg 700w, https:\/\/www.monblogdefille.com\/blog\/wp-content\/uploads\/2015\/06\/favoris-juin-2015-300x210.jpg 300w\" sizes=\"auto, (max-width: 700px) 100vw, 700px\" \/><\/p>\n","protected":false},"author":3,"featured_media":156422,"comment_status":"open","ping_status":"open","sticky":false,"template":"","format":"standard","meta":{"footnotes":""},"categories":[20185,1485,1489,19978],"tags":[20127],"class_list":["post-156421","post","type-post","status-publish","format-standard","has-post-thumbnail","hentry","category-favoris","category-le-maquillage","category-le-soin","category-videos","tag-favoris"],"_links":{"self":[{"href":"https:\/\/www.monblogdefille.com\/blog\/wp-json\/wp\/v2\/posts\/156421","targetHints":{"allow":["GET"]}}],"collection":[{"href":"https:\/\/www.monblogdefille.com\/blog\/wp-json\/wp\/v2\/posts"}],"about":[{"href":"https:\/\/www.monblogdefille.com\/blog\/wp-json\/wp\/v2\/types\/post"}],"author":[{"embeddable":true,"href":"https:\/\/www.monblogdefille.com\/blog\/wp-json\/wp\/v2\/users\/3"}],"replies":[{"embeddable":true,"href":"https:\/\/www.monblogdefille.com\/blog\/wp-json\/wp\/v2\/comments?post=156421"}],"version-history":[{"count":0,"href":"https:\/\/www.monblogdefille.com\/blog\/wp-json\/wp\/v2\/posts\/156421\/revisions"}],"wp:featuredmedia":[{"embeddable":true,"href":"https:\/\/www.monblogdefille.com\/blog\/wp-json\/wp\/v2\/media\/156422"}],"wp:attachment":[{"href":"https:\/\/www.monblogdefille.com\/blog\/wp-json\/wp\/v2\/media?parent=156421"}],"wp:term":[{"taxonomy":"category","embeddable":true,"href":"https:\/\/www.monblogdefille.com\/blog\/wp-json\/wp\/v2\/categories?post=156421"},{"taxonomy":"post_tag","embeddable":true,"href":"https:\/\/www.monblogdefille.com\/blog\/wp-json\/wp\/v2\/tags?post=156421"}],"curies":[{"name":"wp","href":"https:\/\/api.w.org\/{rel}","templated":true}]}}