{"id":156413,"date":"2015-06-26T09:00:20","date_gmt":"2015-06-26T07:00:20","guid":{"rendered":"http:\/\/www.monblogdefille.com\/blog\/?p=156413"},"modified":"2015-06-30T09:07:15","modified_gmt":"2015-06-30T07:07:15","slug":"le-cas-du-mascara-brun","status":"publish","type":"post","link":"https:\/\/www.monblogdefille.com\/blog\/le-cas-du-mascara-brun\/","title":{"rendered":"Le cas du mascara brun"},"content":{"rendered":"<p><img loading=\"lazy\" decoding=\"async\" class=\"aligncenter size-full wp-image-156414\" src=\"http:\/\/www.monblogdefille.com\/blog\/wp-content\/uploads\/2015\/06\/mascara_brun_laura_mercier.jpg\" alt=\"mascara_brun_laura_mercier\" width=\"700\" height=\"534\" srcset=\"https:\/\/www.monblogdefille.com\/blog\/wp-content\/uploads\/2015\/06\/mascara_brun_laura_mercier.jpg 700w, https:\/\/www.monblogdefille.com\/blog\/wp-content\/uploads\/2015\/06\/mascara_brun_laura_mercier-300x229.jpg 300w\" sizes=\"auto, (max-width: 700px) 100vw, 700px\" \/><\/p>\n<p>R\u00e9cemment il m&rsquo;a pris la lubie d&rsquo;essayer du mascara brun au lieu du noir, ce que je n&rsquo;avais jamais fait de ma vie (moquez-vous de mes lubies&#8230; vous \u00eates bien contentes que je sois l\u00e0 pour faire les exp\u00e9riences bizarres \u00e0 votre place ;-).<\/p>\n<p>Du coup quand le <strong><a href=\"http:\/\/birchbox.fr\/marques\/laura-mercier\/extra-lash-mascara\" target=\"_blank\" rel=\"noopener\">nouveau mascara Laura Mercier<\/a><\/strong> est sorti, j&rsquo;ai demand\u00e9 si je pouvais l&rsquo;avoir en brun plut\u00f4t qu&rsquo;en noir (je sais, chez Birchbox il n&rsquo;est vendu qu&rsquo;en noir, mais lisez la suite de mon billet ;-).<\/p>\n<p>Verdict : je ne vois pas de diff\u00e9rence <em>ph\u00e9nom\u00e9nale<\/em> sur moi entre le brun et le noir (\u00e9videmment c&rsquo;est un brun tr\u00e8s fonc\u00e9, et dieu merci).<br \/>\nEn revanche le mascara lui-m\u00eame est top ! Il fait les cils \u00e9pais et tr\u00e8s jolis, il me pla\u00eet beaucoup.\u00a0Du coup je l&rsquo;ai adopt\u00e9 exactement comme un mascara noir.<\/p>\n<p>Vous portez du mascara brun, les filles et les gar\u00e7ons (bien s\u00fbr certains gar\u00e7ons portent du mascara) &#8211; en plus de celles et ceux qui ont les cils hyper clairs ?<\/p>\n","protected":false},"excerpt":{"rendered":"<p><img loading=\"lazy\" decoding=\"async\" class=\"aligncenter size-full wp-image-156414\" src=\"http:\/\/www.monblogdefille.com\/blog\/wp-content\/uploads\/2015\/06\/mascara_brun_laura_mercier.jpg\" alt=\"mascara_brun_laura_mercier\" width=\"700\" height=\"534\" srcset=\"https:\/\/www.monblogdefille.com\/blog\/wp-content\/uploads\/2015\/06\/mascara_brun_laura_mercier.jpg 700w, https:\/\/www.monblogdefille.com\/blog\/wp-content\/uploads\/2015\/06\/mascara_brun_laura_mercier-300x229.jpg 300w\" sizes=\"auto, (max-width: 700px) 100vw, 700px\" \/><\/p>\n","protected":false},"author":3,"featured_media":156414,"comment_status":"open","ping_status":"open","sticky":false,"template":"","format":"standard","meta":{"footnotes":""},"categories":[1485],"tags":[19952],"class_list":["post-156413","post","type-post","status-publish","format-standard","has-post-thumbnail","hentry","category-le-maquillage","tag-mascara"],"_links":{"self":[{"href":"https:\/\/www.monblogdefille.com\/blog\/wp-json\/wp\/v2\/posts\/156413","targetHints":{"allow":["GET"]}}],"collection":[{"href":"https:\/\/www.monblogdefille.com\/blog\/wp-json\/wp\/v2\/posts"}],"about":[{"href":"https:\/\/www.monblogdefille.com\/blog\/wp-json\/wp\/v2\/types\/post"}],"author":[{"embeddable":true,"href":"https:\/\/www.monblogdefille.com\/blog\/wp-json\/wp\/v2\/users\/3"}],"replies":[{"embeddable":true,"href":"https:\/\/www.monblogdefille.com\/blog\/wp-json\/wp\/v2\/comments?post=156413"}],"version-history":[{"count":0,"href":"https:\/\/www.monblogdefille.com\/blog\/wp-json\/wp\/v2\/posts\/156413\/revisions"}],"wp:featuredmedia":[{"embeddable":true,"href":"https:\/\/www.monblogdefille.com\/blog\/wp-json\/wp\/v2\/media\/156414"}],"wp:attachment":[{"href":"https:\/\/www.monblogdefille.com\/blog\/wp-json\/wp\/v2\/media?parent=156413"}],"wp:term":[{"taxonomy":"category","embeddable":true,"href":"https:\/\/www.monblogdefille.com\/blog\/wp-json\/wp\/v2\/categories?post=156413"},{"taxonomy":"post_tag","embeddable":true,"href":"https:\/\/www.monblogdefille.com\/blog\/wp-json\/wp\/v2\/tags?post=156413"}],"curies":[{"name":"wp","href":"https:\/\/api.w.org\/{rel}","templated":true}]}}