{"id":156045,"date":"2015-04-24T09:00:23","date_gmt":"2015-04-24T07:00:23","guid":{"rendered":"http:\/\/www.monblogdefille.com\/blog\/?p=156045"},"modified":"2015-04-28T09:42:18","modified_gmt":"2015-04-28T07:42:18","slug":"quelles-sont-vos-collections-de-make-up-preferees-dans-lannee","status":"publish","type":"post","link":"https:\/\/www.monblogdefille.com\/blog\/quelles-sont-vos-collections-de-make-up-preferees-dans-lannee\/","title":{"rendered":"Quelles sont vos collections de make up pr\u00e9f\u00e9r\u00e9es dans l&rsquo;ann\u00e9e ?"},"content":{"rendered":"<p><img loading=\"lazy\" decoding=\"async\" class=\"alignnone size-full wp-image-156046\" src=\"http:\/\/www.monblogdefille.com\/blog\/wp-content\/uploads\/2015\/04\/maquillage_collections_ete.jpg\" alt=\"maquillage_collections_ete\" width=\"700\" height=\"561\" srcset=\"https:\/\/www.monblogdefille.com\/blog\/wp-content\/uploads\/2015\/04\/maquillage_collections_ete.jpg 700w, https:\/\/www.monblogdefille.com\/blog\/wp-content\/uploads\/2015\/04\/maquillage_collections_ete-300x240.jpg 300w\" sizes=\"auto, (max-width: 700px) 100vw, 700px\" \/><\/p>\n<p>Hiii, j&rsquo;ai r\u00e9ussi \u00e0 inventer toute seule une question-Temptalia ! ;-)<\/p>\n<p>Il y a donc 4 collections de make up dans l&rsquo;ann\u00e9e : printemps, \u00e9t\u00e9, automne et No\u00ebl.<\/p>\n<p>Ma pr\u00e9f\u00e9r\u00e9e est celle d&rsquo;\u00e9t\u00e9, pleine de textures magiques pour faire une belle peau (faussement) h\u00e2l\u00e9e, de beaux neutres pour les yeux et de couleurs hyper gaies pour les ongles, j&rsquo;adore !<\/p>\n<p>Celle que j&rsquo;aime le moins est celle de printemps, on n&rsquo;\u00e9chappe jamais aux pastels et j&rsquo;ai horreur de \u00e7a ;-)<\/p>\n<p>Les couleurs des collections d&rsquo;automne ne sont souvent pas les miennes (pas mal de violines, de pourpres, de rouges froids), et celles de No\u00ebl me parlent souvent assez peu (paillettes \u00e0 tous les \u00e9tages &#8211; \u00e0 part celles d&rsquo;Essie l&rsquo;ann\u00e9e derni\u00e8re, on est bien d&rsquo;accord).<\/p>\n<p>Et vous ?<\/p>\n","protected":false},"excerpt":{"rendered":"<p><img loading=\"lazy\" decoding=\"async\" class=\"alignnone size-full wp-image-156046\" src=\"http:\/\/www.monblogdefille.com\/blog\/wp-content\/uploads\/2015\/04\/maquillage_collections_ete.jpg\" alt=\"maquillage_collections_ete\" width=\"700\" height=\"561\" srcset=\"https:\/\/www.monblogdefille.com\/blog\/wp-content\/uploads\/2015\/04\/maquillage_collections_ete.jpg 700w, https:\/\/www.monblogdefille.com\/blog\/wp-content\/uploads\/2015\/04\/maquillage_collections_ete-300x240.jpg 300w\" sizes=\"auto, (max-width: 700px) 100vw, 700px\" \/><\/p>\n","protected":false},"author":3,"featured_media":156046,"comment_status":"open","ping_status":"open","sticky":false,"template":"","format":"standard","meta":{"footnotes":""},"categories":[1485],"tags":[],"class_list":["post-156045","post","type-post","status-publish","format-standard","has-post-thumbnail","hentry","category-le-maquillage"],"_links":{"self":[{"href":"https:\/\/www.monblogdefille.com\/blog\/wp-json\/wp\/v2\/posts\/156045","targetHints":{"allow":["GET"]}}],"collection":[{"href":"https:\/\/www.monblogdefille.com\/blog\/wp-json\/wp\/v2\/posts"}],"about":[{"href":"https:\/\/www.monblogdefille.com\/blog\/wp-json\/wp\/v2\/types\/post"}],"author":[{"embeddable":true,"href":"https:\/\/www.monblogdefille.com\/blog\/wp-json\/wp\/v2\/users\/3"}],"replies":[{"embeddable":true,"href":"https:\/\/www.monblogdefille.com\/blog\/wp-json\/wp\/v2\/comments?post=156045"}],"version-history":[{"count":0,"href":"https:\/\/www.monblogdefille.com\/blog\/wp-json\/wp\/v2\/posts\/156045\/revisions"}],"wp:featuredmedia":[{"embeddable":true,"href":"https:\/\/www.monblogdefille.com\/blog\/wp-json\/wp\/v2\/media\/156046"}],"wp:attachment":[{"href":"https:\/\/www.monblogdefille.com\/blog\/wp-json\/wp\/v2\/media?parent=156045"}],"wp:term":[{"taxonomy":"category","embeddable":true,"href":"https:\/\/www.monblogdefille.com\/blog\/wp-json\/wp\/v2\/categories?post=156045"},{"taxonomy":"post_tag","embeddable":true,"href":"https:\/\/www.monblogdefille.com\/blog\/wp-json\/wp\/v2\/tags?post=156045"}],"curies":[{"name":"wp","href":"https:\/\/api.w.org\/{rel}","templated":true}]}}