{"id":151006,"date":"2015-03-25T09:00:55","date_gmt":"2015-03-25T08:00:55","guid":{"rendered":"http:\/\/www.monblogdefille.com\/blog\/?p=151006"},"modified":"2015-03-29T13:51:12","modified_gmt":"2015-03-29T11:51:12","slug":"les-gouttes-de-soleil-de-clarins","status":"publish","type":"post","link":"https:\/\/www.monblogdefille.com\/blog\/les-gouttes-de-soleil-de-clarins\/","title":{"rendered":"Les gouttes de soleil de Clarins"},"content":{"rendered":"<p><img loading=\"lazy\" decoding=\"async\" class=\"alignnone size-full wp-image-151007\" src=\"http:\/\/www.monblogdefille.com\/blog\/wp-content\/uploads\/2015\/03\/concentre_eclat_clarins.jpg\" alt=\"concentre_eclat_clarins\" width=\"700\" height=\"536\" srcset=\"https:\/\/www.monblogdefille.com\/blog\/wp-content\/uploads\/2015\/03\/concentre_eclat_clarins.jpg 700w, https:\/\/www.monblogdefille.com\/blog\/wp-content\/uploads\/2015\/03\/concentre_eclat_clarins-300x230.jpg 300w\" sizes=\"auto, (max-width: 700px) 100vw, 700px\" \/><\/p>\n<p>L&rsquo;ann\u00e9e derni\u00e8re Clarins avait eu cette id\u00e9e g\u00e9niale de sortir un concentr\u00e9 d&rsquo;auto-bronzant \u00e0 m\u00e9langer \u00e0 sa cr\u00e8me visage, quelle qu&rsquo;elle soit, pour auto-bronzer progressivement et sans l\u00e2cher sa cr\u00e8me pr\u00e9f\u00e9r\u00e9e.<\/p>\n<p>Je ne l&rsquo;avais pas essay\u00e9 parce que la couleur du visage m&rsquo;indiff\u00e8re un peu, je pr\u00e9f\u00e8re pour \u00e7a utiliser le maquillage.<\/p>\n<p>Cette ann\u00e9e ils ont sorti <a href=\"http:\/\/tidd.ly\/756c294b\" target=\"_blank\" rel=\"noopener\"><strong>la version corps<\/strong><\/a>, et celle-ci je l&rsquo;ai essay\u00e9e.<\/p>\n<p>Je trouve l&rsquo;id\u00e9e hyper pratique parce que la majorit\u00e9 des cr\u00e8mes auto-bronzantes ont un petit c\u00f4t\u00e9 dess\u00e9chant, et en plus on n&rsquo;\u00e9chappe pas \u00e0 l&rsquo;odeur de la DHA (l&rsquo;ingr\u00e9dient qui provoque l&rsquo;oxydation \u00e0 la surface de la peau donc la coloration &#8211; ben non \u00e7a n&rsquo;a rien \u00e0 voir avec la m\u00e9lanine, enfin).<\/p>\n<p>Ici on garde sa cr\u00e8me pr\u00e9f\u00e9r\u00e9e, et \u00e7a ne sent rien (enfin \u00e0 part l&rsquo;odeur de la cr\u00e8me, je veux dire).<\/p>\n<p>Le principe est de mettre quelques gouttes dans la cr\u00e8me dans ses mains (le compte-gouttes est super bien fait, on ne peut pas se louper), de tout bien m\u00e9langer et d&rsquo;appliquer comme une cr\u00e8me corps normale. Il faut bien s\u00fbr se laver les mains apr\u00e8s, comme avec tous les auto-bronzants.<\/p>\n<p>C&rsquo;est tr\u00e8s tr\u00e8s progressif : au d\u00e9but j&rsquo;avais la trouille et je mettais genre 2 gouttes par jambe, j&rsquo;ai fini par en mettre 6 parce qu&rsquo;on ne voyait pas grand chose (mais \u00e0 6 pour le coup \u00e7a se voit, tout en restant l\u00e9ger). Le syst\u00e8me fait qu&rsquo;on ne peut pas se louper ou se z\u00e9brer, c&rsquo;est hyper facile \u00e0 utiliser.<\/p>\n<p>La grande question est \u00e9videmment : est-ce que \u00e7a fait orange ? Sur moi en fin d&rsquo;hiver, tant que je n&rsquo;ai pas un fond (m\u00eame minime) de h\u00e2le naturel, TOUS LES PRODUITS font un petit peu jaune, c&rsquo;est ma peau qui fait \u00e7a, elle oxyde la DHA de cette fa\u00e7on.<\/p>\n<p>Je suis super contente du r\u00e9sultat, je vais continuer \u00e0 l&rsquo;utiliser pour ne pas, par exemple, avoir les pieds et les mollets fluorescents quand, un jour lointain (ou pas ? Fingers crossed), il fera moins froid.<\/p>\n<p><strong>PS :<\/strong> non vous ne pouvez pas en mettre sur le visage, \u00e7a n&rsquo;est pas pr\u00e9vu pour \u00e7a. Pour le visage, prenez <a href=\"http:\/\/tinyurl.com\/h2vpn23\" target=\"_blank\" rel=\"noopener\"><strong>la version visage<\/strong><\/a> ;-)<\/p>\n<p><strong>Edit de 17h36 :<\/strong> d&rsquo;apr\u00e8s <a href=\"http:\/\/www.monblogdefille.com\/blog\/les-gouttes-de-soleil-de-clarins#comment-1033998\" target=\"_blank\"><strong>Virginie<\/strong> <\/a>qui a pos\u00e9 la question \u00e0 Clarins, en fait on peut. Simplement, pas plus de 3 gouttes maximum (de la version corps donc) pour le visage.<\/p>\n<p><strong>Nouvel edit<\/strong>, parce que vous \u00eates plusieurs \u00e0 en parler : si vous avez des taches sur le visage, l&rsquo;autobronzant va les foncer, c&rsquo;est normal : si on fonce ta peau, on fonce tout, y compris ce qui \u00e9tait d\u00e9j\u00e0 plus fonc\u00e9 au d\u00e9part.<br \/>\nLa seule solution est de soigneusement nettoyer chaque tache apr\u00e8s application (avec un coton tige humide) pour qu\u2019elle ne soit pas auto bronz\u00e9e.<\/p>\n<p style=\"text-align: center;\"><strong><em>Je vous rappelle que jusqu&rsquo;au 30 mars il y a -25% chez <a href=\"http:\/\/tidd.ly\/5e9f7d81\" target=\"_blank\" rel=\"noopener\">Sephora<\/a><br \/>\n\u00e0 partir de 60\u20ac d&rsquo;achats avec le code FREVPBB (valable en ligne seulement)<\/em><\/strong><\/p>\n","protected":false},"excerpt":{"rendered":"<p><img loading=\"lazy\" decoding=\"async\" class=\"alignnone size-full wp-image-151007\" src=\"http:\/\/www.monblogdefille.com\/blog\/wp-content\/uploads\/2015\/03\/concentre_eclat_clarins.jpg\" alt=\"concentre_eclat_clarins\" width=\"700\" height=\"536\" srcset=\"https:\/\/www.monblogdefille.com\/blog\/wp-content\/uploads\/2015\/03\/concentre_eclat_clarins.jpg 700w, https:\/\/www.monblogdefille.com\/blog\/wp-content\/uploads\/2015\/03\/concentre_eclat_clarins-300x230.jpg 300w\" sizes=\"auto, (max-width: 700px) 100vw, 700px\" \/><\/p>\n","protected":false},"author":3,"featured_media":151007,"comment_status":"open","ping_status":"open","sticky":false,"template":"","format":"standard","meta":{"footnotes":""},"categories":[1489],"tags":[19961],"class_list":["post-151006","post","type-post","status-publish","format-standard","has-post-thumbnail","hentry","category-le-soin","tag-soleil"],"_links":{"self":[{"href":"https:\/\/www.monblogdefille.com\/blog\/wp-json\/wp\/v2\/posts\/151006","targetHints":{"allow":["GET"]}}],"collection":[{"href":"https:\/\/www.monblogdefille.com\/blog\/wp-json\/wp\/v2\/posts"}],"about":[{"href":"https:\/\/www.monblogdefille.com\/blog\/wp-json\/wp\/v2\/types\/post"}],"author":[{"embeddable":true,"href":"https:\/\/www.monblogdefille.com\/blog\/wp-json\/wp\/v2\/users\/3"}],"replies":[{"embeddable":true,"href":"https:\/\/www.monblogdefille.com\/blog\/wp-json\/wp\/v2\/comments?post=151006"}],"version-history":[{"count":0,"href":"https:\/\/www.monblogdefille.com\/blog\/wp-json\/wp\/v2\/posts\/151006\/revisions"}],"wp:featuredmedia":[{"embeddable":true,"href":"https:\/\/www.monblogdefille.com\/blog\/wp-json\/wp\/v2\/media\/151007"}],"wp:attachment":[{"href":"https:\/\/www.monblogdefille.com\/blog\/wp-json\/wp\/v2\/media?parent=151006"}],"wp:term":[{"taxonomy":"category","embeddable":true,"href":"https:\/\/www.monblogdefille.com\/blog\/wp-json\/wp\/v2\/categories?post=151006"},{"taxonomy":"post_tag","embeddable":true,"href":"https:\/\/www.monblogdefille.com\/blog\/wp-json\/wp\/v2\/tags?post=151006"}],"curies":[{"name":"wp","href":"https:\/\/api.w.org\/{rel}","templated":true}]}}