{"id":150906,"date":"2015-03-15T09:32:09","date_gmt":"2015-03-15T08:32:09","guid":{"rendered":"http:\/\/www.monblogdefille.com\/blog\/?p=150906"},"modified":"2015-03-18T10:12:32","modified_gmt":"2015-03-18T09:12:32","slug":"mes-fards-a-paupieres-cremes-preferes-ou-pas","status":"publish","type":"post","link":"https:\/\/www.monblogdefille.com\/blog\/mes-fards-a-paupieres-cremes-preferes-ou-pas\/","title":{"rendered":"Mes fards \u00e0 paupi\u00e8res cr\u00e8mes pr\u00e9f\u00e9r\u00e9s (ou pas)"},"content":{"rendered":"<p>[youtube]http:\/\/youtu.be\/1vddRTx2kmI[\/youtube]<\/p>\n<p style=\"text-align: center;\"><em><strong>-25% chez <a href=\"http:\/\/tidd.ly\/5e9f7d81\" target=\"_blank\" rel=\"noopener\">Sephora<\/a> jusqu&rsquo;au 23 mars, autant de fois que vous voulez,<br \/>\navec les codes FRMVPMG (celui-ci est pour les cartes Gold donc si vous n&rsquo;en avez pas,<br \/>\ntentez le coup en magasin ou passez plut\u00f4t par le net) et FRMVPM1<br \/>\n<\/strong><\/em><\/p>\n<p style=\"text-align: center;\"><span style=\"text-decoration: underline;\"><em><strong>*** Je n&rsquo;ai pas aim\u00e9 ***<\/strong> <\/em><\/span><\/p>\n<p style=\"text-align: center;\"><strong>Rimmel Scandeleyes<\/strong> <strong>Crayon ombre \u00e0 paupi\u00e8res<\/strong> (chez Monop)<\/p>\n<p style=\"text-align: center;\"><strong>Deborah Eyeshadow &amp; Pencil<\/strong> (chez Monop)<\/p>\n<p style=\"text-align: center;\"><strong>Bourjois Colorband<\/strong> (chez Monop) (j&rsquo;ai test\u00e9 la version pot en magasin, je n&rsquo;ai pas \u00e9t\u00e9 plus convaincue)<\/p>\n<p style=\"text-align: center;\"><strong>Sephora Crayon Jumbo<\/strong><\/p>\n<p style=\"text-align: center;\"><strong>L&rsquo;Or\u00e9al Paris Color Riche Le crayon de couleur<\/strong>, oubli\u00e9 dans la vid\u00e9o mais au m\u00eame niveau que les autres<\/p>\n<p style=\"text-align: center;\"><span style=\"text-decoration: underline;\"><em><strong>*** J&rsquo;ai beaucoup aim\u00e9 (ou m\u00eame ador\u00e9, pour certains ;-) ***<\/strong> <\/em><\/span><\/p>\n<p style=\"text-align: center;\"><strong>Color Tattoo Maybelline<\/strong> ici en 35 On and on Bronze (chez Monop)<\/p>\n<p style=\"text-align: center;\"><strong>L&rsquo;Or\u00e9al Paris la couleur Infaillible<\/strong> ici en 021 Sahara Treasure (chez Monop)<\/p>\n<p style=\"text-align: center;\"><a href=\"http:\/\/tinyurl.com\/lr87lnr\" target=\"_blank\" rel=\"noopener\"><strong>Long Lasting Stick Eyeshadow Kiko<\/strong><\/a> ici en 06<\/p>\n<p style=\"text-align: center;\"><a href=\"http:\/\/tinyurl.com\/mc9wbmo\" target=\"_blank\" rel=\"noopener\"><strong>MAC Pro Longwear Paintpot<\/strong><\/a> ici en Constructivist<\/p>\n<p style=\"text-align: center;\"><a href=\"http:\/\/tinyurl.com\/hrlb2wp\" target=\"_blank\" rel=\"noopener\"><strong>Ombre cr\u00e8me satin\u00e9e Shiseido<\/strong><\/a> ici en BR623 Shoyu<\/p>\n<p style=\"text-align: center;\"><a href=\"http:\/\/tinyurl.com\/kltx3cy\" target=\"_blank\" rel=\"noopener\"><strong>Armani Eyes to Kill fard \u00e0 paupi\u00e8res soyeux<\/strong><\/a> (\u00e7a fait tr\u00e8s longtemps que je l&rsquo;ai,<br \/>\nje n&rsquo;arrive plus \u00e0 lire le num\u00e9ro, argh !)<\/p>\n<p style=\"text-align: center;\"><a href=\"http:\/\/tinyurl.com\/pq8dru9\" target=\"_blank\" rel=\"noopener\"><strong>Caviar stick Laura Mercier<\/strong><\/a> ici en Moonlight<\/p>\n<p style=\"text-align: center;\"><strong><a href=\"http:\/\/tinyurl.com\/zc7bw2l\" target=\"_blank\" rel=\"noopener\">Ombre Blackstar By Terry<\/a> <\/strong>ici en 4 Bronze Moon <em>*port\u00e9e dans la vid\u00e9o<\/em><\/p>\n<p style=\"text-align: center;\"><a href=\"http:\/\/tinyurl.com\/gsuf4dt\" target=\"_blank\" rel=\"noopener\"><strong>Crayon Marc Jacobs Twinkle Pop <\/strong><\/a>ici en Three Shakes<\/p>\n<p style=\"text-align: center;\"><strong>Full Metal Shadow Yves Saint Laurent<\/strong> ici en 7 et 3 (sortie mi-avril)<\/p>\n<p style=\"text-align: center;\"><a href=\"http:\/\/tinyurl.com\/jtqnbvs\" target=\"_blank\" rel=\"noopener\"><strong>Armani Eye Tint<\/strong><\/a> ici en 5 Onyx et 12 Gold Ashes<\/p>\n<p><img loading=\"lazy\" decoding=\"async\" class=\"alignnone size-full wp-image-150909\" src=\"http:\/\/www.monblogdefille.com\/blog\/wp-content\/uploads\/2015\/03\/fards-cr\u00e8mes-1.jpg\" alt=\"fards cr\u00e8mes 1\" width=\"700\" height=\"394\" srcset=\"https:\/\/www.monblogdefille.com\/blog\/wp-content\/uploads\/2015\/03\/fards-cr\u00e8mes-1.jpg 700w, https:\/\/www.monblogdefille.com\/blog\/wp-content\/uploads\/2015\/03\/fards-cr\u00e8mes-1-300x169.jpg 300w\" sizes=\"auto, (max-width: 700px) 100vw, 700px\" \/><\/p>\n<p><span style=\"text-decoration: underline;\"><strong>Maquillage port\u00e9 :<\/strong><\/span><\/p>\n<p>&#8211; <a href=\"http:\/\/tinyurl.com\/jzmpdt9\" target=\"_blank\" rel=\"noopener\"><strong>Fond de teint Encre de peau Yves Saint Laurent<\/strong><\/a> en B30 (1er essai, je crois que je l&rsquo;adore, on en reparle tr\u00e8s vite)<\/p>\n<p>&#8211; <strong>Shiseido Correcteur de teint soyeux<\/strong> 2B beige naturel clair (n&rsquo;existe plus)<\/p>\n<p>&#8211; <a href=\"http:\/\/tidd.ly\/5f991b5f\" target=\"_blank\" rel=\"noopener\"><strong>Poudre Nars Transluscent Crystal en version libre<\/strong><\/a> autour des yeux, sur le nez et le menton<\/p>\n<p>&#8211; <a href=\"http:\/\/tinyurl.com\/o2arjdn\" target=\"_blank\" rel=\"noopener\"><strong>Poudre compacte fixante invisible Universal Laura Mercier <\/strong><\/a>sur le front<\/p>\n<p>&#8211; <a href=\"http:\/\/tidd.ly\/7a5011a6\" target=\"_blank\" rel=\"noopener\"><strong>Kiss &amp; Blush Yves Saint Laurent<\/strong><\/a> en 8 Pink H\u00e9doniste<\/p>\n<p>&#8211; <a href=\"http:\/\/tinyurl.com\/zc7bw2l\" target=\"_blank\" rel=\"noopener\"><strong>Ombre Blackstar By Terry<\/strong><\/a> en Bronze Moon<\/p>\n<p>&#8211; <a href=\"http:\/\/tidd.ly\/36f0a599\" target=\"_blank\" rel=\"noopener\"><strong>Rouge \u00e0 l\u00e8vres Voile El\u00e9gance Shiseido<\/strong><\/a> en PK 304 Skyglow<\/p>\n<p>&#8211; <a href=\"http:\/\/tinyurl.com\/zdw94n4\" target=\"_blank\" rel=\"noopener\"><strong>Vernis Dior <\/strong><\/a>en Pandore<\/p>\n","protected":false},"excerpt":{"rendered":"<p><img loading=\"lazy\" decoding=\"async\" class=\"alignnone size-full wp-image-150907\" src=\"http:\/\/www.monblogdefille.com\/blog\/wp-content\/uploads\/2015\/03\/fards_cremes_crayons_pots.jpg\" alt=\"fards_cremes_crayons_pots\" width=\"700\" height=\"439\" srcset=\"https:\/\/www.monblogdefille.com\/blog\/wp-content\/uploads\/2015\/03\/fards_cremes_crayons_pots.jpg 700w, https:\/\/www.monblogdefille.com\/blog\/wp-content\/uploads\/2015\/03\/fards_cremes_crayons_pots-300x188.jpg 300w\" sizes=\"auto, (max-width: 700px) 100vw, 700px\" \/><\/p>\n","protected":false},"author":3,"featured_media":150907,"comment_status":"open","ping_status":"open","sticky":false,"template":"","format":"standard","meta":{"footnotes":""},"categories":[1485,20122,19978],"tags":[19939],"class_list":["post-150906","post","type-post","status-publish","format-standard","has-post-thumbnail","hentry","category-le-maquillage","category-neutres","category-videos","tag-fard-a-paupieres"],"_links":{"self":[{"href":"https:\/\/www.monblogdefille.com\/blog\/wp-json\/wp\/v2\/posts\/150906","targetHints":{"allow":["GET"]}}],"collection":[{"href":"https:\/\/www.monblogdefille.com\/blog\/wp-json\/wp\/v2\/posts"}],"about":[{"href":"https:\/\/www.monblogdefille.com\/blog\/wp-json\/wp\/v2\/types\/post"}],"author":[{"embeddable":true,"href":"https:\/\/www.monblogdefille.com\/blog\/wp-json\/wp\/v2\/users\/3"}],"replies":[{"embeddable":true,"href":"https:\/\/www.monblogdefille.com\/blog\/wp-json\/wp\/v2\/comments?post=150906"}],"version-history":[{"count":0,"href":"https:\/\/www.monblogdefille.com\/blog\/wp-json\/wp\/v2\/posts\/150906\/revisions"}],"wp:featuredmedia":[{"embeddable":true,"href":"https:\/\/www.monblogdefille.com\/blog\/wp-json\/wp\/v2\/media\/150907"}],"wp:attachment":[{"href":"https:\/\/www.monblogdefille.com\/blog\/wp-json\/wp\/v2\/media?parent=150906"}],"wp:term":[{"taxonomy":"category","embeddable":true,"href":"https:\/\/www.monblogdefille.com\/blog\/wp-json\/wp\/v2\/categories?post=150906"},{"taxonomy":"post_tag","embeddable":true,"href":"https:\/\/www.monblogdefille.com\/blog\/wp-json\/wp\/v2\/tags?post=150906"}],"curies":[{"name":"wp","href":"https:\/\/api.w.org\/{rel}","templated":true}]}}