{"id":150784,"date":"2015-03-02T09:00:55","date_gmt":"2015-03-02T08:00:55","guid":{"rendered":"http:\/\/www.monblogdefille.com\/blog\/?p=150784"},"modified":"2015-03-23T15:51:11","modified_gmt":"2015-03-23T14:51:11","slug":"les-invitees-de-la-soiree-kiehls","status":"publish","type":"post","link":"https:\/\/www.monblogdefille.com\/blog\/les-invitees-de-la-soiree-kiehls\/","title":{"rendered":"Les invit\u00e9(e)s de la soir\u00e9e Kiehl&rsquo;s"},"content":{"rendered":"<p><img loading=\"lazy\" decoding=\"async\" class=\"alignnone size-full wp-image-150760\" src=\"http:\/\/www.monblogdefille.com\/blog\/wp-content\/uploads\/2015\/02\/annonce_soiree_kiehls.jpg\" alt=\"annonce_soiree_kiehls\" width=\"700\" height=\"344\" srcset=\"https:\/\/www.monblogdefille.com\/blog\/wp-content\/uploads\/2015\/02\/annonce_soiree_kiehls.jpg 700w, https:\/\/www.monblogdefille.com\/blog\/wp-content\/uploads\/2015\/02\/annonce_soiree_kiehls-300x147.jpg 300w\" sizes=\"auto, (max-width: 700px) 100vw, 700px\" \/><\/p>\n<p>Et voici donc les 15 invit\u00e9(e)s de la <strong>soir\u00e9e Kiehl&rsquo;s du 19 mars<\/strong> !<\/p>\n<p>Je vous rappelle que vous \u00ab\u00a0devez\u00a0\u00bb amenez quelqu&rsquo;un avec vous (pas un cheval, on a dit ;-), car on a 30 places donc si vous venez seul(e), \u00e7a serait triste pour une personne \u00e0 qui on aurait pu donner cette place.<\/p>\n<p>Je vous ai mis par ordre alphab\u00e9tique sinon \u00e7a rend fou, avec le num\u00e9ro de votre commentaire entre parenth\u00e8ses.<\/p>\n<p>Je vais tr\u00e8s vite vous envoyer un mail (\u00e0 l&rsquo;adresse que vous avez utilis\u00e9e pour poster votre commentaire) avec tous les d\u00e9tails pratiques. De votre c\u00f4t\u00e9, si vous avez un emp\u00eachement soyez gentils de me pr\u00e9venir le plus vite possible, parce que ce coup-ci je vais faire une liste d&rsquo;attente.<\/p>\n<p style=\"text-align: center;\"><strong>Beautyofplume<\/strong> (118)<\/p>\n<p style=\"text-align: center;\"><strong>C\u00e9dric<\/strong> (342)<\/p>\n<p style=\"text-align: center;\"><strong>Cha<\/strong> (358)<\/p>\n<p style=\"text-align: center;\"><strong>enjoynathalia<\/strong> (291)<\/p>\n<p style=\"text-align: center;\"><strong>H\u00e9l\u00e8ne (une autre)<\/strong> (174)<\/p>\n<p style=\"text-align: center;\"><strong>Lu-Divine<\/strong> (183)<\/p>\n<p style=\"text-align: center;\"><strong>marilinea<\/strong> (346)<\/p>\n<p style=\"text-align: center;\"><strong>Na\u00efma<\/strong> (199)<\/p>\n<p style=\"text-align: center;\"><strong>Nelly<\/strong> (327)<\/p>\n<p style=\"text-align: center;\"><strong>Nikaia<\/strong> (185)<\/p>\n<p style=\"text-align: center;\"><strong>Oc\u00e9ane<\/strong> (101)<\/p>\n<p style=\"text-align: center;\"><strong>Reminou<\/strong> (405)<\/p>\n<p style=\"text-align: center;\"><strong>Un gar\u00e7on de Paris<\/strong> (246)<\/p>\n<p style=\"text-align: center;\"><strong>Yasmine<\/strong> (367)<\/p>\n<p style=\"text-align: center;\"><strong>Ga\u00ebtan<\/strong> (427)<\/p>\n<p>Et pour les 412 qui ne sont pas sur la liste cette fois, ne perdez pas espoir, il n&rsquo;est pas impossible que je d\u00e9veloppe un peu plus ce format de soir\u00e9es&#8230; ;-)<\/p>\n","protected":false},"excerpt":{"rendered":"<p><img loading=\"lazy\" decoding=\"async\" class=\"alignnone size-full wp-image-150760\" src=\"http:\/\/www.monblogdefille.com\/blog\/wp-content\/uploads\/2015\/02\/annonce_soiree_kiehls.jpg\" alt=\"annonce_soiree_kiehls\" width=\"700\" height=\"344\" srcset=\"https:\/\/www.monblogdefille.com\/blog\/wp-content\/uploads\/2015\/02\/annonce_soiree_kiehls.jpg 700w, https:\/\/www.monblogdefille.com\/blog\/wp-content\/uploads\/2015\/02\/annonce_soiree_kiehls-300x147.jpg 300w\" sizes=\"auto, (max-width: 700px) 100vw, 700px\" \/><\/p>\n","protected":false},"author":3,"featured_media":150760,"comment_status":"open","ping_status":"open","sticky":false,"template":"","format":"standard","meta":{"footnotes":""},"categories":[19907],"tags":[20155,20160],"class_list":["post-150784","post","type-post","status-publish","format-standard","has-post-thumbnail","hentry","category-rencontres-mbdf","tag-kiehls","tag-rencontres-mbdf-2"],"_links":{"self":[{"href":"https:\/\/www.monblogdefille.com\/blog\/wp-json\/wp\/v2\/posts\/150784","targetHints":{"allow":["GET"]}}],"collection":[{"href":"https:\/\/www.monblogdefille.com\/blog\/wp-json\/wp\/v2\/posts"}],"about":[{"href":"https:\/\/www.monblogdefille.com\/blog\/wp-json\/wp\/v2\/types\/post"}],"author":[{"embeddable":true,"href":"https:\/\/www.monblogdefille.com\/blog\/wp-json\/wp\/v2\/users\/3"}],"replies":[{"embeddable":true,"href":"https:\/\/www.monblogdefille.com\/blog\/wp-json\/wp\/v2\/comments?post=150784"}],"version-history":[{"count":0,"href":"https:\/\/www.monblogdefille.com\/blog\/wp-json\/wp\/v2\/posts\/150784\/revisions"}],"wp:featuredmedia":[{"embeddable":true,"href":"https:\/\/www.monblogdefille.com\/blog\/wp-json\/wp\/v2\/media\/150760"}],"wp:attachment":[{"href":"https:\/\/www.monblogdefille.com\/blog\/wp-json\/wp\/v2\/media?parent=150784"}],"wp:term":[{"taxonomy":"category","embeddable":true,"href":"https:\/\/www.monblogdefille.com\/blog\/wp-json\/wp\/v2\/categories?post=150784"},{"taxonomy":"post_tag","embeddable":true,"href":"https:\/\/www.monblogdefille.com\/blog\/wp-json\/wp\/v2\/tags?post=150784"}],"curies":[{"name":"wp","href":"https:\/\/api.w.org\/{rel}","templated":true}]}}