{"id":150693,"date":"2015-02-17T09:00:12","date_gmt":"2015-02-17T08:00:12","guid":{"rendered":"http:\/\/www.monblogdefille.com\/blog\/?p=150693"},"modified":"2015-02-20T09:47:03","modified_gmt":"2015-02-20T08:47:03","slug":"quelle-est-la-difference-entre-une-poudre-compacte-et-une-poudre-libre","status":"publish","type":"post","link":"https:\/\/www.monblogdefille.com\/blog\/quelle-est-la-difference-entre-une-poudre-compacte-et-une-poudre-libre\/","title":{"rendered":"Quelle est la diff\u00e9rence entre une poudre compacte et une poudre libre ?"},"content":{"rendered":"<p><img loading=\"lazy\" decoding=\"async\" class=\"alignnone size-full wp-image-150694\" src=\"http:\/\/www.monblogdefille.com\/blog\/wp-content\/uploads\/2015\/02\/poudres_libres_compactes.jpg\" alt=\"poudres_libres_compactes\" width=\"700\" height=\"464\" srcset=\"https:\/\/www.monblogdefille.com\/blog\/wp-content\/uploads\/2015\/02\/poudres_libres_compactes.jpg 700w, https:\/\/www.monblogdefille.com\/blog\/wp-content\/uploads\/2015\/02\/poudres_libres_compactes-300x199.jpg 300w\" sizes=\"auto, (max-width: 700px) 100vw, 700px\" \/><\/p>\n<p>L&rsquo;une de vous m&rsquo;a pos\u00e9 la question en commentaire l&rsquo;autre jour et plut\u00f4t que de lui r\u00e9pondre une b\u00eatise, je suis all\u00e9e demander aux marques.<\/p>\n<p>C\u00f4t\u00e9 utilisation je ne vous apprends rien, la libre est plus facile \u00e0 utiliser chez soi et la compacte est plus pratique pour les retouches en journ\u00e9e.<\/p>\n<p>Pour peu qu&rsquo;on les applique l&rsquo;une comme l&rsquo;autre au pinceau et non \u00e0 la houppette, le fini est un peu plus naturel avec la libre (m\u00eame si \u00e7a peut d\u00e9pendre de certaines poudres), vous le saviez aussi. Et la tenue est souvent un peu meilleure avec une poudre compacte.<\/p>\n<p>Ce que je ne savais pas, c&rsquo;est ce qu&rsquo;on met dedans pour compacter une poudre libre : c&rsquo;est en g\u00e9n\u00e9ral un m\u00e9lange de corps gras (les esters d&rsquo;acides gras), min\u00e9raux ou v\u00e9g\u00e9taux selon les produits ou les marques (mais non \u00e7a n&rsquo;est pas contre-indiqu\u00e9 pour les peaux grasses, ne commencez pas avec \u00e7a ;-).<\/p>\n<p>Voil\u00e0 les enfants !<\/p>\n<p><strong>Edit :<\/strong> certaines d&rsquo;entre vous disent que leur poudre compacte a tendance \u00e0 \u00ab\u00a0glacer\u00a0\u00bb en surface, qu&rsquo;il est difficile d&rsquo;en pr\u00e9lever. Dans ce cas je vous sugg\u00e8re <a href=\"http:\/\/www.monblogdefille.com\/blog\/comment-deglacer-un-fard-poudre\" target=\"_blank\"><strong>cette vid\u00e9o<\/strong><\/a> qui pourrait vous aider ;-)<\/p>\n","protected":false},"excerpt":{"rendered":"<p><img loading=\"lazy\" decoding=\"async\" class=\"alignnone size-full wp-image-150694\" src=\"http:\/\/www.monblogdefille.com\/blog\/wp-content\/uploads\/2015\/02\/poudres_libres_compactes.jpg\" alt=\"poudres_libres_compactes\" width=\"700\" height=\"464\" srcset=\"https:\/\/www.monblogdefille.com\/blog\/wp-content\/uploads\/2015\/02\/poudres_libres_compactes.jpg 700w, https:\/\/www.monblogdefille.com\/blog\/wp-content\/uploads\/2015\/02\/poudres_libres_compactes-300x199.jpg 300w\" sizes=\"auto, (max-width: 700px) 100vw, 700px\" \/><\/p>\n","protected":false},"author":3,"featured_media":150694,"comment_status":"open","ping_status":"open","sticky":false,"template":"","format":"standard","meta":{"footnotes":""},"categories":[1485],"tags":[19975],"class_list":["post-150693","post","type-post","status-publish","format-standard","has-post-thumbnail","hentry","category-le-maquillage","tag-teint-parfait"],"_links":{"self":[{"href":"https:\/\/www.monblogdefille.com\/blog\/wp-json\/wp\/v2\/posts\/150693","targetHints":{"allow":["GET"]}}],"collection":[{"href":"https:\/\/www.monblogdefille.com\/blog\/wp-json\/wp\/v2\/posts"}],"about":[{"href":"https:\/\/www.monblogdefille.com\/blog\/wp-json\/wp\/v2\/types\/post"}],"author":[{"embeddable":true,"href":"https:\/\/www.monblogdefille.com\/blog\/wp-json\/wp\/v2\/users\/3"}],"replies":[{"embeddable":true,"href":"https:\/\/www.monblogdefille.com\/blog\/wp-json\/wp\/v2\/comments?post=150693"}],"version-history":[{"count":0,"href":"https:\/\/www.monblogdefille.com\/blog\/wp-json\/wp\/v2\/posts\/150693\/revisions"}],"wp:featuredmedia":[{"embeddable":true,"href":"https:\/\/www.monblogdefille.com\/blog\/wp-json\/wp\/v2\/media\/150694"}],"wp:attachment":[{"href":"https:\/\/www.monblogdefille.com\/blog\/wp-json\/wp\/v2\/media?parent=150693"}],"wp:term":[{"taxonomy":"category","embeddable":true,"href":"https:\/\/www.monblogdefille.com\/blog\/wp-json\/wp\/v2\/categories?post=150693"},{"taxonomy":"post_tag","embeddable":true,"href":"https:\/\/www.monblogdefille.com\/blog\/wp-json\/wp\/v2\/tags?post=150693"}],"curies":[{"name":"wp","href":"https:\/\/api.w.org\/{rel}","templated":true}]}}