{"id":150005,"date":"2014-12-18T09:00:07","date_gmt":"2014-12-18T08:00:07","guid":{"rendered":"http:\/\/www.monblogdefille.com\/blog\/?p=150005"},"modified":"2014-12-22T09:50:15","modified_gmt":"2014-12-22T08:50:15","slug":"la-nouvelle-boutique-oh-my-cream-est-ouverte","status":"publish","type":"post","link":"https:\/\/www.monblogdefille.com\/blog\/la-nouvelle-boutique-oh-my-cream-est-ouverte\/","title":{"rendered":"La nouvelle boutique Oh My Cream est ouverte !"},"content":{"rendered":"<p><img loading=\"lazy\" decoding=\"async\" class=\"alignnone size-full wp-image-150017\" src=\"http:\/\/www.monblogdefille.com\/blog\/wp-content\/uploads\/2014\/12\/oh_my_cream_abbesses.jpg\" alt=\"oh_my_cream_abbesses\" width=\"700\" height=\"349\" srcset=\"https:\/\/www.monblogdefille.com\/blog\/wp-content\/uploads\/2014\/12\/oh_my_cream_abbesses.jpg 700w, https:\/\/www.monblogdefille.com\/blog\/wp-content\/uploads\/2014\/12\/oh_my_cream_abbesses-300x150.jpg 300w\" sizes=\"auto, (max-width: 700px) 100vw, 700px\" \/><\/p>\n<p>&#8230; depuis mardi ! J&rsquo;y suis all\u00e9e pour f\u00e9liciter Juliette (une des trois fondatrices) et voir \u00e0 quoi \u00e7a ressemble.<\/p>\n<p>C&rsquo;est tr\u00e8s pratique, je peux y aller \u00e0 pied ; je suis ravie de ne plus avoir \u00e0 prendre le m\u00e9tro pour aller acheter <a href=\"http:\/\/tinyurl.com\/nggvvy6\" target=\"_blank\" rel=\"noopener\"><strong>mon d\u00e9o<\/strong><\/a>, m\u00eame si je garde un attachement pour la boutique de la rue de Tournon parce que c&rsquo;est la premi\u00e8re et que j&rsquo;ai tout d\u00e9couvert l\u00e0-bas ;-)<\/p>\n<p>J&rsquo;aime beaucoup le concept : rassembler des marques diff\u00e9rentes de celles qu&rsquo;on trouve partout, de niche ou \u00e9trang\u00e8res et souvent tr\u00e8s peu distribu\u00e9es en France (Tata Harper, Sunday Riley, Antipodes&#8230;). Et j&rsquo;adore l&rsquo;enthousiasme dynamique des fondatrices, j&rsquo;admire beaucoup les jeunes femmes qui arrivent \u00e0 mettre sur pied et r\u00e9aliser de tels projets.<\/p>\n<p>J&rsquo;aime beaucoup <a href=\"http:\/\/www.ohmycream.com\/Accueil.aspx\" target=\"_blank\" rel=\"noopener\"><strong>le site<\/strong><\/a> aussi, tellement joli et \u00e9l\u00e9gant en plus d&rsquo;\u00eatre bourr\u00e9 de vrais bons conseils beaut\u00e9. Je passe du temps \u00e0 lire, sur ce site, ce qui est rare.<\/p>\n<p>PS : ne commencez pas \u00e0 r\u00e2ler qu&rsquo;il n&rsquo;y en a que pour les parisiennes, des boutiques Oh My Cream devraient bient\u00f4t ouvrir en province (et en attendant tous les produits sont en vente sur le site ;-).<\/p>\n<p><em>Oh My Cream<br \/>\n4 rue des Abbesses<br \/>\n75018 Paris<\/em><\/p>\n<p><img loading=\"lazy\" decoding=\"async\" class=\"alignnone size-full wp-image-150006\" src=\"http:\/\/www.monblogdefille.com\/blog\/wp-content\/uploads\/2014\/12\/IMG_4481.jpg\" alt=\"nouvelle_boutique_oh_my_cream\" width=\"700\" height=\"700\" srcset=\"https:\/\/www.monblogdefille.com\/blog\/wp-content\/uploads\/2014\/12\/IMG_4481.jpg 700w, https:\/\/www.monblogdefille.com\/blog\/wp-content\/uploads\/2014\/12\/IMG_4481-300x300.jpg 300w\" sizes=\"auto, (max-width: 700px) 100vw, 700px\" \/><\/p>\n","protected":false},"excerpt":{"rendered":"<p><img loading=\"lazy\" decoding=\"async\" class=\"alignnone size-full wp-image-150017\" src=\"http:\/\/www.monblogdefille.com\/blog\/wp-content\/uploads\/2014\/12\/oh_my_cream_abbesses.jpg\" alt=\"oh_my_cream_abbesses\" width=\"700\" height=\"349\" srcset=\"https:\/\/www.monblogdefille.com\/blog\/wp-content\/uploads\/2014\/12\/oh_my_cream_abbesses.jpg 700w, https:\/\/www.monblogdefille.com\/blog\/wp-content\/uploads\/2014\/12\/oh_my_cream_abbesses-300x150.jpg 300w\" sizes=\"auto, (max-width: 700px) 100vw, 700px\" \/><\/p>\n","protected":false},"author":3,"featured_media":150017,"comment_status":"open","ping_status":"open","sticky":false,"template":"","format":"standard","meta":{"footnotes":""},"categories":[20108],"tags":[20070],"class_list":["post-150005","post","type-post","status-publish","format-standard","has-post-thumbnail","hentry","category-shopping-beaute-belle-sans-souffrir","tag-shopping-beaute"],"_links":{"self":[{"href":"https:\/\/www.monblogdefille.com\/blog\/wp-json\/wp\/v2\/posts\/150005","targetHints":{"allow":["GET"]}}],"collection":[{"href":"https:\/\/www.monblogdefille.com\/blog\/wp-json\/wp\/v2\/posts"}],"about":[{"href":"https:\/\/www.monblogdefille.com\/blog\/wp-json\/wp\/v2\/types\/post"}],"author":[{"embeddable":true,"href":"https:\/\/www.monblogdefille.com\/blog\/wp-json\/wp\/v2\/users\/3"}],"replies":[{"embeddable":true,"href":"https:\/\/www.monblogdefille.com\/blog\/wp-json\/wp\/v2\/comments?post=150005"}],"version-history":[{"count":0,"href":"https:\/\/www.monblogdefille.com\/blog\/wp-json\/wp\/v2\/posts\/150005\/revisions"}],"wp:featuredmedia":[{"embeddable":true,"href":"https:\/\/www.monblogdefille.com\/blog\/wp-json\/wp\/v2\/media\/150017"}],"wp:attachment":[{"href":"https:\/\/www.monblogdefille.com\/blog\/wp-json\/wp\/v2\/media?parent=150005"}],"wp:term":[{"taxonomy":"category","embeddable":true,"href":"https:\/\/www.monblogdefille.com\/blog\/wp-json\/wp\/v2\/categories?post=150005"},{"taxonomy":"post_tag","embeddable":true,"href":"https:\/\/www.monblogdefille.com\/blog\/wp-json\/wp\/v2\/tags?post=150005"}],"curies":[{"name":"wp","href":"https:\/\/api.w.org\/{rel}","templated":true}]}}