{"id":149961,"date":"2014-12-11T09:00:46","date_gmt":"2014-12-11T08:00:46","guid":{"rendered":"http:\/\/www.monblogdefille.com\/blog\/?p=149961"},"modified":"2014-12-15T10:56:32","modified_gmt":"2014-12-15T09:56:32","slug":"kiehls-pour-enfance-et-partage","status":"publish","type":"post","link":"https:\/\/www.monblogdefille.com\/blog\/kiehls-pour-enfance-et-partage\/","title":{"rendered":"Kiehl&rsquo;s pour Enfance et Partage"},"content":{"rendered":"<p><img loading=\"lazy\" decoding=\"async\" class=\"alignnone size-full wp-image-149962\" src=\"http:\/\/www.monblogdefille.com\/blog\/wp-content\/uploads\/2014\/12\/kiehls-enfance-et-partage.jpg\" alt=\"kiehls enfance et partage\" width=\"700\" height=\"464\" srcset=\"https:\/\/www.monblogdefille.com\/blog\/wp-content\/uploads\/2014\/12\/kiehls-enfance-et-partage.jpg 700w, https:\/\/www.monblogdefille.com\/blog\/wp-content\/uploads\/2014\/12\/kiehls-enfance-et-partage-300x199.jpg 300w\" sizes=\"auto, (max-width: 700px) 100vw, 700px\" \/><\/p>\n<p>Vous \u00eates sans doute au courant, Kiehl&rsquo;s est engag\u00e9 dans pas mal d&rsquo;actions humanitaires, de fa\u00e7on r\u00e9guli\u00e8re ou ponctuelle.<\/p>\n<p>Cette ann\u00e9e pour No\u00ebl (ils le font tous les ans) ils ont fait relooker <a href=\"http:\/\/tinyurl.com\/pxy8ys7\" target=\"_blank\" rel=\"noopener\"><strong>quatre de leurs produits stars<\/strong><\/a>, dont trois que j&rsquo;utilise beaucoup et dont je vous parle souvent (la <strong>Cr\u00e8me de Corps<\/strong>, l&rsquo;<strong>Ultra Facial Moisturizer <\/strong>appel\u00e9e \u00ab\u00a0cr\u00e8me du Groenland\u00a0\u00bb par l&rsquo;une de vous, ce que j&rsquo;adore ;-)), et la <strong>lotion au Calendula<\/strong>, plus la <strong>Cr\u00e8me de Corps au soja et au miel<\/strong>) par les artistes Craig &amp; Karl.<\/p>\n<p>Tous les b\u00e9n\u00e9fices iront \u00e0 l&rsquo;association <strong>Enfance et Partage<\/strong> qui lutte pour prot\u00e9ger et d\u00e9fendre les enfants contre toutes formes de maltraitance, qu&rsquo;elles soient physiques, psychologiques ou sexuelles.<\/p>\n<p>Si vous voulez offrir un cadeau \u00ab\u00a0engag\u00e9\u00a0\u00bb ou vous faire du back up en soutenant une belle association c&rsquo;est le moment, les filles et les gar\u00e7ons !<\/p>\n<p><strong>PS :<\/strong> en plus e ce soir 20h \u00e0 demain 10h, il y a <strong>20% de r\u00e9duction<\/strong> sur tout le site avec le code VIP20 (merci les filles pour l&rsquo;info ;-).<\/p>\n","protected":false},"excerpt":{"rendered":"<p><img loading=\"lazy\" decoding=\"async\" class=\"alignnone size-full wp-image-149962\" src=\"http:\/\/www.monblogdefille.com\/blog\/wp-content\/uploads\/2014\/12\/kiehls-enfance-et-partage.jpg\" alt=\"kiehls enfance et partage\" width=\"700\" height=\"464\" srcset=\"https:\/\/www.monblogdefille.com\/blog\/wp-content\/uploads\/2014\/12\/kiehls-enfance-et-partage.jpg 700w, https:\/\/www.monblogdefille.com\/blog\/wp-content\/uploads\/2014\/12\/kiehls-enfance-et-partage-300x199.jpg 300w\" sizes=\"auto, (max-width: 700px) 100vw, 700px\" \/><\/p>\n","protected":false},"author":3,"featured_media":149962,"comment_status":"open","ping_status":"open","sticky":false,"template":"","format":"standard","meta":{"footnotes":""},"categories":[1489,20108],"tags":[20089,20070],"class_list":["post-149961","post","type-post","status-publish","format-standard","has-post-thumbnail","hentry","category-le-soin","category-shopping-beaute-belle-sans-souffrir","tag-hydratation","tag-shopping-beaute"],"_links":{"self":[{"href":"https:\/\/www.monblogdefille.com\/blog\/wp-json\/wp\/v2\/posts\/149961","targetHints":{"allow":["GET"]}}],"collection":[{"href":"https:\/\/www.monblogdefille.com\/blog\/wp-json\/wp\/v2\/posts"}],"about":[{"href":"https:\/\/www.monblogdefille.com\/blog\/wp-json\/wp\/v2\/types\/post"}],"author":[{"embeddable":true,"href":"https:\/\/www.monblogdefille.com\/blog\/wp-json\/wp\/v2\/users\/3"}],"replies":[{"embeddable":true,"href":"https:\/\/www.monblogdefille.com\/blog\/wp-json\/wp\/v2\/comments?post=149961"}],"version-history":[{"count":0,"href":"https:\/\/www.monblogdefille.com\/blog\/wp-json\/wp\/v2\/posts\/149961\/revisions"}],"wp:featuredmedia":[{"embeddable":true,"href":"https:\/\/www.monblogdefille.com\/blog\/wp-json\/wp\/v2\/media\/149962"}],"wp:attachment":[{"href":"https:\/\/www.monblogdefille.com\/blog\/wp-json\/wp\/v2\/media?parent=149961"}],"wp:term":[{"taxonomy":"category","embeddable":true,"href":"https:\/\/www.monblogdefille.com\/blog\/wp-json\/wp\/v2\/categories?post=149961"},{"taxonomy":"post_tag","embeddable":true,"href":"https:\/\/www.monblogdefille.com\/blog\/wp-json\/wp\/v2\/tags?post=149961"}],"curies":[{"name":"wp","href":"https:\/\/api.w.org\/{rel}","templated":true}]}}