{"id":149852,"date":"2014-11-28T09:00:48","date_gmt":"2014-11-28T08:00:48","guid":{"rendered":"http:\/\/www.monblogdefille.com\/blog\/?p=149852"},"modified":"2014-12-02T09:54:28","modified_gmt":"2014-12-02T08:54:28","slug":"combien-de-produits-de-beaute-avez-vous-dans-votre-sac-a-cet-instant-precis","status":"publish","type":"post","link":"https:\/\/www.monblogdefille.com\/blog\/combien-de-produits-de-beaute-avez-vous-dans-votre-sac-a-cet-instant-precis\/","title":{"rendered":"Combien de produits de beaut\u00e9 avez-vous dans votre sac \u00e0 cet instant pr\u00e9cis ?"},"content":{"rendered":"<p><img loading=\"lazy\" decoding=\"async\" class=\"alignnone size-full wp-image-149853\" src=\"http:\/\/www.monblogdefille.com\/blog\/wp-content\/uploads\/2014\/11\/combien-dans-votre-sac.jpg\" alt=\"combien dans votre sac\" width=\"700\" height=\"503\" srcset=\"https:\/\/www.monblogdefille.com\/blog\/wp-content\/uploads\/2014\/11\/combien-dans-votre-sac.jpg 700w, https:\/\/www.monblogdefille.com\/blog\/wp-content\/uploads\/2014\/11\/combien-dans-votre-sac-300x216.jpg 300w\" sizes=\"auto, (max-width: 700px) 100vw, 700px\" \/><\/p>\n<p>Moi j&rsquo;en ai deux : mon <a href=\"http:\/\/tinyurl.com\/k3gaqkj\" target=\"_blank\" rel=\"noopener\"><strong>baume \u00e0 l\u00e8vres Uriage<\/strong><\/a> et une mini cr\u00e8me pour les mains l&rsquo;Occitane.<\/p>\n<p>Et vous ? ;-)<\/p>\n<p>PS : ce sac est un <a href=\"http:\/\/tinyurl.com\/ob3mqoc\" target=\"_blank\" rel=\"noopener\"><strong>Petite Mendigote<\/strong><\/a>, je l&rsquo;adore, il faut que je vous le montre port\u00e9 !<\/p>\n","protected":false},"excerpt":{"rendered":"<p><img loading=\"lazy\" decoding=\"async\" class=\"alignnone size-full wp-image-149853\" src=\"http:\/\/www.monblogdefille.com\/blog\/wp-content\/uploads\/2014\/11\/combien-dans-votre-sac.jpg\" alt=\"combien dans votre sac\" width=\"700\" height=\"503\" srcset=\"https:\/\/www.monblogdefille.com\/blog\/wp-content\/uploads\/2014\/11\/combien-dans-votre-sac.jpg 700w, https:\/\/www.monblogdefille.com\/blog\/wp-content\/uploads\/2014\/11\/combien-dans-votre-sac-300x216.jpg 300w\" sizes=\"auto, (max-width: 700px) 100vw, 700px\" \/><\/p>\n","protected":false},"author":3,"featured_media":149853,"comment_status":"open","ping_status":"open","sticky":false,"template":"","format":"standard","meta":{"footnotes":""},"categories":[1489],"tags":[20089,19964],"class_list":["post-149852","post","type-post","status-publish","format-standard","has-post-thumbnail","hentry","category-le-soin","tag-hydratation","tag-sacs"],"_links":{"self":[{"href":"https:\/\/www.monblogdefille.com\/blog\/wp-json\/wp\/v2\/posts\/149852","targetHints":{"allow":["GET"]}}],"collection":[{"href":"https:\/\/www.monblogdefille.com\/blog\/wp-json\/wp\/v2\/posts"}],"about":[{"href":"https:\/\/www.monblogdefille.com\/blog\/wp-json\/wp\/v2\/types\/post"}],"author":[{"embeddable":true,"href":"https:\/\/www.monblogdefille.com\/blog\/wp-json\/wp\/v2\/users\/3"}],"replies":[{"embeddable":true,"href":"https:\/\/www.monblogdefille.com\/blog\/wp-json\/wp\/v2\/comments?post=149852"}],"version-history":[{"count":0,"href":"https:\/\/www.monblogdefille.com\/blog\/wp-json\/wp\/v2\/posts\/149852\/revisions"}],"wp:featuredmedia":[{"embeddable":true,"href":"https:\/\/www.monblogdefille.com\/blog\/wp-json\/wp\/v2\/media\/149853"}],"wp:attachment":[{"href":"https:\/\/www.monblogdefille.com\/blog\/wp-json\/wp\/v2\/media?parent=149852"}],"wp:term":[{"taxonomy":"category","embeddable":true,"href":"https:\/\/www.monblogdefille.com\/blog\/wp-json\/wp\/v2\/categories?post=149852"},{"taxonomy":"post_tag","embeddable":true,"href":"https:\/\/www.monblogdefille.com\/blog\/wp-json\/wp\/v2\/tags?post=149852"}],"curies":[{"name":"wp","href":"https:\/\/api.w.org\/{rel}","templated":true}]}}