{"id":149742,"date":"2014-11-16T09:32:22","date_gmt":"2014-11-16T08:32:22","guid":{"rendered":"http:\/\/www.monblogdefille.com\/blog\/?p=149742"},"modified":"2014-11-20T10:46:39","modified_gmt":"2014-11-20T09:46:39","slug":"mon-changement-davis-sur-la-protection-solaire-au-quotidien","status":"publish","type":"post","link":"https:\/\/www.monblogdefille.com\/blog\/mon-changement-davis-sur-la-protection-solaire-au-quotidien\/","title":{"rendered":"Mon changement d&rsquo;avis sur la protection solaire au quotidien"},"content":{"rendered":"<p>[youtube]http:\/\/youtu.be\/d_7lByvGvig[\/youtube]<\/p>\n<p style=\"text-align: center;\"><span style=\"text-decoration: underline;\"><em><strong>Bien entendu si on passe pas mal de temps dehors<br \/>\n(balades, parc avec les enfants, v\u00e9lo, etc),<br \/>\nm\u00eame par temps couvert je pense qu&rsquo;il faut se prot\u00e9ger contre les UV,<br \/>\nde ce c\u00f4t\u00e9 je n&rsquo;ai pas chang\u00e9 d&rsquo;avis.<\/strong><\/em><\/span><\/p>\n<p>Je porte un <a href=\"http:\/\/tinyurl.com\/pnkrdvf\" target=\"_blank\" rel=\"noopener\"><strong>pull Esprit<\/strong><\/a> (super bien coup\u00e9 et HYPER doux alors qu&rsquo;il contient 30% de laine, une merveille !), un <a href=\"http:\/\/tinyurl.com\/lfhf43f\" target=\"_blank\" rel=\"noopener\"><strong>collier<\/strong> <strong>Indie<\/strong><\/a> ma <a href=\"http:\/\/amzn.to\/2h2AY3Ys\" target=\"_blank\" rel=\"noopener\"><strong>bague H\u00e9l\u00e8ne &amp; Gemmyo<\/strong><\/a> \u00e0 droite et mes bagues Djula \u00e0 gauche, le vernis <a href=\"http:\/\/tinyurl.com\/ojovj7u\" target=\"_blank\" rel=\"noopener\"><strong>Essie Back in the Limo<\/strong><\/a> et un m\u00e9lange de <a href=\"http:\/\/tidd.ly\/22fec2ff\" target=\"_blank\" rel=\"noopener\"><strong>Rouge Dior Baume en Spring<\/strong><\/a> et de <a href=\"http:\/\/tidd.ly\/68e1e64f\" target=\"_blank\" rel=\"noopener\"><strong>Nars Satin Lip Pencil en Timanfaya<\/strong><\/a> sur les l\u00e8vres.<\/p>\n","protected":false},"excerpt":{"rendered":"<p><strong>POUR VOIR LA VIDEO CHANGEMENT D&rsquo;AVIS SUR LA PROTECTION SOLAIRE AU QUOTIDIEN,<a href= \"http:\/\/www.monblogdefille.com\/blog\/mon-changement-davis-sur-la-protection-solaire-au-quotidienmyo\" target=\"_self\"> CLIQUEZ ICI<\/a><\/strong><\/p>\n<p><img loading=\"lazy\" decoding=\"async\" class=\"alignnone size-full wp-image-149743\" src=\"http:\/\/www.monblogdefille.com\/blog\/wp-content\/uploads\/2014\/11\/mon-changement-davis-sur-la-protection-solaire-au-quotidien-001.jpg\" alt=\"mon changement d'avis sur la protection solaire au quotidien 001\" width=\"700\" height=\"464\" srcset=\"https:\/\/www.monblogdefille.com\/blog\/wp-content\/uploads\/2014\/11\/mon-changement-davis-sur-la-protection-solaire-au-quotidien-001.jpg 700w, https:\/\/www.monblogdefille.com\/blog\/wp-content\/uploads\/2014\/11\/mon-changement-davis-sur-la-protection-solaire-au-quotidien-001-300x199.jpg 300w\" sizes=\"auto, (max-width: 700px) 100vw, 700px\" \/><\/p>\n","protected":false},"author":3,"featured_media":149743,"comment_status":"open","ping_status":"open","sticky":false,"template":"","format":"standard","meta":{"footnotes":""},"categories":[1489,20158,19978],"tags":[19961],"class_list":["post-149742","post","type-post","status-publish","format-standard","has-post-thumbnail","hentry","category-le-soin","category-soin","category-videos","tag-soleil"],"_links":{"self":[{"href":"https:\/\/www.monblogdefille.com\/blog\/wp-json\/wp\/v2\/posts\/149742","targetHints":{"allow":["GET"]}}],"collection":[{"href":"https:\/\/www.monblogdefille.com\/blog\/wp-json\/wp\/v2\/posts"}],"about":[{"href":"https:\/\/www.monblogdefille.com\/blog\/wp-json\/wp\/v2\/types\/post"}],"author":[{"embeddable":true,"href":"https:\/\/www.monblogdefille.com\/blog\/wp-json\/wp\/v2\/users\/3"}],"replies":[{"embeddable":true,"href":"https:\/\/www.monblogdefille.com\/blog\/wp-json\/wp\/v2\/comments?post=149742"}],"version-history":[{"count":0,"href":"https:\/\/www.monblogdefille.com\/blog\/wp-json\/wp\/v2\/posts\/149742\/revisions"}],"wp:featuredmedia":[{"embeddable":true,"href":"https:\/\/www.monblogdefille.com\/blog\/wp-json\/wp\/v2\/media\/149743"}],"wp:attachment":[{"href":"https:\/\/www.monblogdefille.com\/blog\/wp-json\/wp\/v2\/media?parent=149742"}],"wp:term":[{"taxonomy":"category","embeddable":true,"href":"https:\/\/www.monblogdefille.com\/blog\/wp-json\/wp\/v2\/categories?post=149742"},{"taxonomy":"post_tag","embeddable":true,"href":"https:\/\/www.monblogdefille.com\/blog\/wp-json\/wp\/v2\/tags?post=149742"}],"curies":[{"name":"wp","href":"https:\/\/api.w.org\/{rel}","templated":true}]}}