{"id":149693,"date":"2014-11-09T09:33:57","date_gmt":"2014-11-09T08:33:57","guid":{"rendered":"http:\/\/www.monblogdefille.com\/blog\/?p=149693"},"modified":"2014-11-12T09:40:48","modified_gmt":"2014-11-12T08:40:48","slug":"pourquoi-on-na-pas-toutes-les-teintes-en-france","status":"publish","type":"post","link":"https:\/\/www.monblogdefille.com\/blog\/pourquoi-on-na-pas-toutes-les-teintes-en-france\/","title":{"rendered":"Pourquoi on n&rsquo;a pas toutes les teintes en France ??"},"content":{"rendered":"<p>[youtube]http:\/\/youtu.be\/t6D_B4kjUNk[\/youtube]<\/p>\n<p><strong>Edit :<\/strong> ce que j&rsquo;ai omis dans cette vid\u00e9o (et c&rsquo;est bien dommage, du coup j&rsquo;ai rajout\u00e9 une annotation mais quand m\u00eame), c&rsquo;est qu&rsquo;il y a aussi une question de march\u00e9s : le march\u00e9 asiatique n&rsquo;est pas le m\u00eame que le march\u00e9 europ\u00e9en, et le march\u00e9 fran\u00e7ais n&rsquo;est pas le m\u00eame que le march\u00e9 anglais.<br \/>\nSelon les diff\u00e9rents march\u00e9s, diff\u00e9rents produits sont propos\u00e9s.<\/p>\n<p>Il y a aussi la r\u00e9glementation, qui n&rsquo;est pas la m\u00eame en Europe et ailleurs concernant la composition et les ingr\u00e9dients, qui explique que certains produits ne soient pas vendus en France.<\/p>\n<p>Enfin certaines marques ne souhaitent pas \u00eatre vendues sur certains march\u00e9s (pas assez rentables), ou alors les distributeurs ne souhaitent pas les vendre.<\/p>\n<p>Je vous sugg\u00e8re vraiment de <strong>lire les commentaires<\/strong> ! Certaines d&rsquo;entre vous sont bien plus au courant que moi de certains points (marketing, juridiques etc), c&rsquo;est hyper int\u00e9ressant et \u00e7a compl\u00e8te efficacement cette vid\u00e9o un peu rapide.<\/p>\n<p>Mille mercis \u00e0 toutes celles qui ont contribu\u00e9 \u00e0 enrichir ce sujet, vraiment !<\/p>\n<p>Je porte le <a href=\"http:\/\/tinyurl.com\/pq8dru9\" target=\"_blank\" rel=\"noopener\"><strong>Caviar Stick Laura Mercier en Moonlight<\/strong><\/a> le rouge \u00e0 l\u00e8vres <a href=\"http:\/\/tinyurl.com\/ns6mzrg\" target=\"_blank\" rel=\"noopener\"><strong>MAC Sheen Supreme en Gotta Dash<\/strong><\/a> et le vernis <strong>Essie Jiggle Hi Jiggle Low<\/strong> (collection de No\u00ebl, chez Monop).<\/p>\n","protected":false},"excerpt":{"rendered":"<p><strong>POUR VOIR LA VIDEO POURQUOI ON N&rsquo;A PAS TOUTES LES TEINTES EN FRANCE,<a href= \"http:\/\/www.monblogdefille.com\/blog\/pourquoi-on-na-pas-toutes-les-teintes-en-france\" target=\"_self\"> CLIQUEZ ICI<\/a><\/strong><\/p>\n<p><a href=\"http:\/\/www.monblogdefille.com\/blog\/wp-content\/uploads\/2014\/11\/pourquoi-teintes.jpg\"><img loading=\"lazy\" decoding=\"async\" class=\"alignnone size-full wp-image-149694\" src=\"http:\/\/www.monblogdefille.com\/blog\/wp-content\/uploads\/2014\/11\/pourquoi-teintes.jpg\" alt=\"pourquoi teintes\" width=\"661\" height=\"325\" srcset=\"https:\/\/www.monblogdefille.com\/blog\/wp-content\/uploads\/2014\/11\/pourquoi-teintes.jpg 661w, https:\/\/www.monblogdefille.com\/blog\/wp-content\/uploads\/2014\/11\/pourquoi-teintes-300x148.jpg 300w\" sizes=\"auto, (max-width: 661px) 100vw, 661px\" \/><\/a><\/p>\n","protected":false},"author":3,"featured_media":149694,"comment_status":"open","ping_status":"open","sticky":false,"template":"","format":"standard","meta":{"footnotes":""},"categories":[1485,20030,19978],"tags":[20088],"class_list":["post-149693","post","type-post","status-publish","format-standard","has-post-thumbnail","hentry","category-le-maquillage","category-teint-et-divers","category-videos","tag-fond-de-teint"],"_links":{"self":[{"href":"https:\/\/www.monblogdefille.com\/blog\/wp-json\/wp\/v2\/posts\/149693","targetHints":{"allow":["GET"]}}],"collection":[{"href":"https:\/\/www.monblogdefille.com\/blog\/wp-json\/wp\/v2\/posts"}],"about":[{"href":"https:\/\/www.monblogdefille.com\/blog\/wp-json\/wp\/v2\/types\/post"}],"author":[{"embeddable":true,"href":"https:\/\/www.monblogdefille.com\/blog\/wp-json\/wp\/v2\/users\/3"}],"replies":[{"embeddable":true,"href":"https:\/\/www.monblogdefille.com\/blog\/wp-json\/wp\/v2\/comments?post=149693"}],"version-history":[{"count":0,"href":"https:\/\/www.monblogdefille.com\/blog\/wp-json\/wp\/v2\/posts\/149693\/revisions"}],"wp:featuredmedia":[{"embeddable":true,"href":"https:\/\/www.monblogdefille.com\/blog\/wp-json\/wp\/v2\/media\/149694"}],"wp:attachment":[{"href":"https:\/\/www.monblogdefille.com\/blog\/wp-json\/wp\/v2\/media?parent=149693"}],"wp:term":[{"taxonomy":"category","embeddable":true,"href":"https:\/\/www.monblogdefille.com\/blog\/wp-json\/wp\/v2\/categories?post=149693"},{"taxonomy":"post_tag","embeddable":true,"href":"https:\/\/www.monblogdefille.com\/blog\/wp-json\/wp\/v2\/tags?post=149693"}],"curies":[{"name":"wp","href":"https:\/\/api.w.org\/{rel}","templated":true}]}}