{"id":149547,"date":"2014-10-22T09:04:16","date_gmt":"2014-10-22T07:04:16","guid":{"rendered":"http:\/\/www.monblogdefille.com\/blog\/?p=149547"},"modified":"2014-10-27T09:45:37","modified_gmt":"2014-10-27T08:45:37","slug":"clinique-take-the-day-off-a-quoi-ca-sert-comment-ca-marche","status":"publish","type":"post","link":"https:\/\/www.monblogdefille.com\/blog\/clinique-take-the-day-off-a-quoi-ca-sert-comment-ca-marche\/","title":{"rendered":"Clinique Take the Day Off : \u00e0 quoi \u00e7a sert, comment \u00e7a marche ?"},"content":{"rendered":"<p>[youtube]http:\/\/youtu.be\/VUWRZCSyfLs[\/youtube]<\/p>\n<p style=\"text-align: center;\">*** <a href=\"http:\/\/tidd.ly\/9ef31e77\" target=\"_blank\" rel=\"noopener\"><strong>Baume d\u00e9maquillant Clinique Take the Day Off<\/strong><\/a> ***<\/p>\n<p>Je porte (en plus du fond de teint etc) :<\/p>\n<p>&#8211; <a href=\"http:\/\/tinyurl.com\/zpcvyfy\" target=\"_blank\" rel=\"noopener\"><strong>Bronzer Shiseido<\/strong><\/a> en teinte 1<\/p>\n<p>&#8211; <a href=\"http:\/\/tinyurl.com\/cvzg3dx\" target=\"_blank\" rel=\"noopener\"><strong>Blush poudre Tarte<\/strong><\/a> Tipsy<\/p>\n<p>&#8211; <a href=\"http:\/\/tinyurl.com\/pq8dru9\" target=\"_blank\" rel=\"noopener\"><strong>Caviar stick Laura Mercier<\/strong><\/a> en Moonlight<\/p>\n<p>&#8211; <a href=\"http:\/\/tinyurl.com\/nlpgkav\" target=\"_blank\" rel=\"noopener\"><strong>Mascara Clarins Truly Waterproof<\/strong>\u00a0<\/a><\/p>\n<p>&#8211; <strong>Nars Satin Lip Pencil<\/strong> en Torres del Paine (il sera dans le coffret de No\u00ebl)<\/p>\n<p>&#8211; <a href=\"http:\/\/tinyurl.com\/zdw94n4\" target=\"_blank\" rel=\"noopener\"><strong>Vernis Dior<\/strong><\/a> Nuit 1947<\/p>\n<p>&#8230; et un sweat H&amp;M et ma <a href=\"http:\/\/bit.ly\/XTibHx\" target=\"_blank\" rel=\"noopener\"><strong>bague Gemmyo<\/strong><\/a>.<\/p>\n<p><a href=\"http:\/\/www.monblogdefille.com\/blog\/wp-content\/uploads\/2014\/10\/clinique-take-the-day-off.jpg\"><img loading=\"lazy\" decoding=\"async\" class=\"alignnone size-full wp-image-149549\" src=\"http:\/\/www.monblogdefille.com\/blog\/wp-content\/uploads\/2014\/10\/clinique-take-the-day-off.jpg\" alt=\"clinique take the day off\" width=\"700\" height=\"449\" srcset=\"https:\/\/www.monblogdefille.com\/blog\/wp-content\/uploads\/2014\/10\/clinique-take-the-day-off.jpg 700w, https:\/\/www.monblogdefille.com\/blog\/wp-content\/uploads\/2014\/10\/clinique-take-the-day-off-300x192.jpg 300w\" sizes=\"auto, (max-width: 700px) 100vw, 700px\" \/><\/a><\/p>\n","protected":false},"excerpt":{"rendered":"<p><strong>POUR VOIR LA VIDEO CLINIQUE TAKE THE DAY OFF,<a href= \"http:\/\/www.monblogdefille.com\/blog\/clinique-take-the-day-off-a-quoi-ca-sert-comment-ca-marche\" target=\"_self\"> CLIQUEZ ICI<\/a><\/strong><\/p>\n<p><a href=\"http:\/\/www.monblogdefille.com\/blog\/wp-content\/uploads\/2014\/10\/clinique-take-the-day-off.jpg\"><img loading=\"lazy\" decoding=\"async\" class=\"alignnone size-full wp-image-149549\" src=\"http:\/\/www.monblogdefille.com\/blog\/wp-content\/uploads\/2014\/10\/clinique-take-the-day-off.jpg\" alt=\"clinique take the day off\" width=\"700\" height=\"449\" srcset=\"https:\/\/www.monblogdefille.com\/blog\/wp-content\/uploads\/2014\/10\/clinique-take-the-day-off.jpg 700w, https:\/\/www.monblogdefille.com\/blog\/wp-content\/uploads\/2014\/10\/clinique-take-the-day-off-300x192.jpg 300w\" sizes=\"auto, (max-width: 700px) 100vw, 700px\" \/><\/a><\/p>\n","protected":false},"author":3,"featured_media":149549,"comment_status":"open","ping_status":"open","sticky":false,"template":"","format":"standard","meta":{"footnotes":""},"categories":[1489,20158,19978],"tags":[20111,20109],"class_list":["post-149547","post","type-post","status-publish","format-standard","has-post-thumbnail","hentry","category-le-soin","category-soin","category-videos","tag-clinique","tag-demaquillage"],"_links":{"self":[{"href":"https:\/\/www.monblogdefille.com\/blog\/wp-json\/wp\/v2\/posts\/149547","targetHints":{"allow":["GET"]}}],"collection":[{"href":"https:\/\/www.monblogdefille.com\/blog\/wp-json\/wp\/v2\/posts"}],"about":[{"href":"https:\/\/www.monblogdefille.com\/blog\/wp-json\/wp\/v2\/types\/post"}],"author":[{"embeddable":true,"href":"https:\/\/www.monblogdefille.com\/blog\/wp-json\/wp\/v2\/users\/3"}],"replies":[{"embeddable":true,"href":"https:\/\/www.monblogdefille.com\/blog\/wp-json\/wp\/v2\/comments?post=149547"}],"version-history":[{"count":0,"href":"https:\/\/www.monblogdefille.com\/blog\/wp-json\/wp\/v2\/posts\/149547\/revisions"}],"wp:featuredmedia":[{"embeddable":true,"href":"https:\/\/www.monblogdefille.com\/blog\/wp-json\/wp\/v2\/media\/149549"}],"wp:attachment":[{"href":"https:\/\/www.monblogdefille.com\/blog\/wp-json\/wp\/v2\/media?parent=149547"}],"wp:term":[{"taxonomy":"category","embeddable":true,"href":"https:\/\/www.monblogdefille.com\/blog\/wp-json\/wp\/v2\/categories?post=149547"},{"taxonomy":"post_tag","embeddable":true,"href":"https:\/\/www.monblogdefille.com\/blog\/wp-json\/wp\/v2\/tags?post=149547"}],"curies":[{"name":"wp","href":"https:\/\/api.w.org\/{rel}","templated":true}]}}