{"id":149417,"date":"2014-10-05T09:36:00","date_gmt":"2014-10-05T07:36:00","guid":{"rendered":"http:\/\/www.monblogdefille.com\/blog\/?p=149417"},"modified":"2014-10-09T09:41:37","modified_gmt":"2014-10-09T07:41:37","slug":"les-serums-a-quoi-ca-sert-comment-les-choisir-et-les-utiliser","status":"publish","type":"post","link":"https:\/\/www.monblogdefille.com\/blog\/les-serums-a-quoi-ca-sert-comment-les-choisir-et-les-utiliser\/","title":{"rendered":"Les s\u00e9rums : \u00e0 quoi \u00e7a sert, comment les choisir et les utiliser ?"},"content":{"rendered":"<p>[youtube]http:\/\/youtu.be\/I-Ft5GxeYZE[\/youtube]<\/p>\n<p><em><strong>Je vous rappelle qu&rsquo;il y a en ce moment -25% chez Sephora, bien utile pour ce type de produits tr\u00e8s chers ; j&rsquo;ai tout r\u00e9capitul\u00e9 dans <a href=\"http:\/\/www.monblogdefille.com\/blog\/25-chez-sephora\" target=\"_blank\">ce billet<\/a> parce que c&rsquo;est un peu long ;-)<\/strong><\/em><\/p>\n<p>Les produits que je pr\u00e9sente ici ne constituent \u00e9videmment pas une liste exhaustive, j&rsquo;ai pris ce que j&rsquo;avais pour illustrer la vid\u00e9o, mais bien s\u00fbr il y a des tas d&rsquo;excellents produits sur le march\u00e9 dont je ne parle pas ici.<\/p>\n<p>Vous en citez d&rsquo;ailleurs dans les commentaires, je conseille de les lire parce que \u00e7a donne des id\u00e9es et des alternatives \u00e0 ce que je propose, soit dans des domaines diff\u00e9rents (anti-imperfections, par exemple), soit dans des prix moins \u00e9lev\u00e9s.<\/p>\n<p style=\"text-align: center;\"><em><span style=\"text-decoration: underline;\">Par ordre d&rsquo;apparition<\/span> <\/em><\/p>\n<p style=\"text-align: center;\"><a href=\"http:\/\/tinyurl.com\/hw6lchu\" target=\"_blank\" rel=\"noopener\"><strong>Double S\u00e9rum Clarins<\/strong><\/a><\/p>\n<p style=\"text-align: center;\"><strong>S\u00e9rum Hydrance Optimale Av\u00e8ne<\/strong> (en pharmacie)<\/p>\n<p style=\"text-align: center;\"><a href=\"http:\/\/tinyurl.com\/p8qg7bt\" target=\"_blank\" rel=\"noopener\"><strong>Tata Harper Concentrated Brightening Serum<\/strong><\/a> (euh pardon, il est encore plus cher que les autres !)<\/p>\n<p style=\"text-align: center;\"><a href=\"http:\/\/tinyurl.com\/jsn7p5s\" target=\"_blank\" rel=\"noopener\"><strong>S\u00e9rum Clinique Even Better<\/strong><\/a> (mentionn\u00e9 mais pas montr\u00e9)<\/p>\n<p style=\"text-align: center;\"><a href=\"http:\/\/tinyurl.com\/h6ymfvb\" target=\"_blank\" rel=\"noopener\"><strong>Lanc\u00f4me Visionnaire<\/strong><\/a> <strong>LR 2412 Correcteur fondamental<\/strong><\/p>\n<p style=\"text-align: center;\"><a href=\"http:\/\/tinyurl.com\/z56n9jn\" target=\"_blank\" rel=\"noopener\"><strong>S\u00e9rum Advanced Night Repair<\/strong><\/a> <strong>Complexe de r\u00e9paration synchronis\u00e9e II, Est\u00e9e Lauder<\/strong><\/p>\n<p style=\"text-align: center;\"><strong><a href=\"http:\/\/tinyurl.com\/hsbansz\" target=\"_blank\" rel=\"noopener\">Clinique Smart<\/a> Concentr\u00e9 r\u00e9parateur action sur mesure<\/strong><\/p>\n<p style=\"text-align: center;\"><a href=\"http:\/\/tinyurl.com\/z365ktm\" target=\"_blank\" rel=\"noopener\"><strong>Shiseido Ultimune<\/strong><\/a><\/p>\n<p>Je porte le <a href=\"http:\/\/tinyurl.com\/jhkd9n2\" target=\"_blank\" rel=\"noopener\"><strong>Bronzer Bobbi Brown<\/strong><\/a> en 01 Light, le blush Tarte Tipsy, le <a href=\"http:\/\/tidd.ly\/1aa5d8ea\" target=\"_blank\" rel=\"noopener\"><strong>Rouge Sculptant Est\u00e9e Lauder<\/strong><\/a> en 330 Impassioned et le <a href=\"http:\/\/tinyurl.com\/zdw94n4\" target=\"_blank\" rel=\"noopener\"><strong>vernis Dior <\/strong><\/a>Metal Montaigne (et un vieux sweat Zara ;-).<\/p>\n<p><a href=\"http:\/\/www.monblogdefille.com\/blog\/wp-content\/uploads\/2014\/10\/s\u00e9rums-3.jpg\"><img loading=\"lazy\" decoding=\"async\" class=\"alignnone size-full wp-image-149419\" src=\"http:\/\/www.monblogdefille.com\/blog\/wp-content\/uploads\/2014\/10\/s\u00e9rums-3.jpg\" alt=\"s\u00e9rums 3\" width=\"700\" height=\"481\" srcset=\"https:\/\/www.monblogdefille.com\/blog\/wp-content\/uploads\/2014\/10\/s\u00e9rums-3.jpg 700w, https:\/\/www.monblogdefille.com\/blog\/wp-content\/uploads\/2014\/10\/s\u00e9rums-3-300x206.jpg 300w\" sizes=\"auto, (max-width: 700px) 100vw, 700px\" \/><\/a><\/p>\n","protected":false},"excerpt":{"rendered":"<p><strong>POUR VOIR LA VIDEO SUR LES SERUMS,<a href= \"http:\/\/www.monblogdefille.com\/blog\/les-serums-a-quoi-ca-sert-comment-les-choisir-et-les-utiliser\" target=\"_self\"> CLIQUEZ ICI<\/a><\/strong><\/p>\n<p><a href=\"http:\/\/www.monblogdefille.com\/blog\/wp-content\/uploads\/2014\/10\/s\u00e9rums-3.jpg\"><img loading=\"lazy\" decoding=\"async\" class=\"alignnone size-full wp-image-149419\" src=\"http:\/\/www.monblogdefille.com\/blog\/wp-content\/uploads\/2014\/10\/s\u00e9rums-3.jpg\" alt=\"s\u00e9rums 3\" width=\"700\" height=\"481\" srcset=\"https:\/\/www.monblogdefille.com\/blog\/wp-content\/uploads\/2014\/10\/s\u00e9rums-3.jpg 700w, https:\/\/www.monblogdefille.com\/blog\/wp-content\/uploads\/2014\/10\/s\u00e9rums-3-300x206.jpg 300w\" sizes=\"auto, (max-width: 700px) 100vw, 700px\" \/><\/a><\/p>\n","protected":false},"author":3,"featured_media":149419,"comment_status":"open","ping_status":"open","sticky":false,"template":"","format":"standard","meta":{"footnotes":""},"categories":[1489,20158,19978],"tags":[20064,20089,20161],"class_list":["post-149417","post","type-post","status-publish","format-standard","has-post-thumbnail","hentry","category-le-soin","category-soin","category-videos","tag-anti-rides","tag-hydratation","tag-serums"],"_links":{"self":[{"href":"https:\/\/www.monblogdefille.com\/blog\/wp-json\/wp\/v2\/posts\/149417","targetHints":{"allow":["GET"]}}],"collection":[{"href":"https:\/\/www.monblogdefille.com\/blog\/wp-json\/wp\/v2\/posts"}],"about":[{"href":"https:\/\/www.monblogdefille.com\/blog\/wp-json\/wp\/v2\/types\/post"}],"author":[{"embeddable":true,"href":"https:\/\/www.monblogdefille.com\/blog\/wp-json\/wp\/v2\/users\/3"}],"replies":[{"embeddable":true,"href":"https:\/\/www.monblogdefille.com\/blog\/wp-json\/wp\/v2\/comments?post=149417"}],"version-history":[{"count":0,"href":"https:\/\/www.monblogdefille.com\/blog\/wp-json\/wp\/v2\/posts\/149417\/revisions"}],"wp:featuredmedia":[{"embeddable":true,"href":"https:\/\/www.monblogdefille.com\/blog\/wp-json\/wp\/v2\/media\/149419"}],"wp:attachment":[{"href":"https:\/\/www.monblogdefille.com\/blog\/wp-json\/wp\/v2\/media?parent=149417"}],"wp:term":[{"taxonomy":"category","embeddable":true,"href":"https:\/\/www.monblogdefille.com\/blog\/wp-json\/wp\/v2\/categories?post=149417"},{"taxonomy":"post_tag","embeddable":true,"href":"https:\/\/www.monblogdefille.com\/blog\/wp-json\/wp\/v2\/tags?post=149417"}],"curies":[{"name":"wp","href":"https:\/\/api.w.org\/{rel}","templated":true}]}}