{"id":149085,"date":"2014-09-01T09:23:53","date_gmt":"2014-09-01T07:23:53","guid":{"rendered":"http:\/\/www.monblogdefille.com\/blog\/?p=149085"},"modified":"2014-09-05T09:57:20","modified_gmt":"2014-09-05T07:57:20","slug":"avec-lea-chez-avene","status":"publish","type":"post","link":"https:\/\/www.monblogdefille.com\/blog\/avec-lea-chez-avene\/","title":{"rendered":"Avec L\u00e9a chez Av\u00e8ne"},"content":{"rendered":"<p><a href=\"http:\/\/www.monblogdefille.com\/blog\/wp-content\/uploads\/2014\/08\/av\u00e8ne-l\u00e9a-mon-blog.jpg\"><img loading=\"lazy\" decoding=\"async\" class=\"alignnone size-full wp-image-149086\" alt=\"av\u00e8ne l\u00e9a mon blog\" src=\"http:\/\/www.monblogdefille.com\/blog\/wp-content\/uploads\/2014\/08\/av\u00e8ne-l\u00e9a-mon-blog.jpg\" width=\"700\" height=\"505\" srcset=\"https:\/\/www.monblogdefille.com\/blog\/wp-content\/uploads\/2014\/08\/av\u00e8ne-l\u00e9a-mon-blog.jpg 700w, https:\/\/www.monblogdefille.com\/blog\/wp-content\/uploads\/2014\/08\/av\u00e8ne-l\u00e9a-mon-blog-300x216.jpg 300w\" sizes=\"auto, (max-width: 700px) 100vw, 700px\" \/><\/a><\/p>\n<p>Mon billet \u00e0 propos de l&rsquo;apr\u00e8s-midi pass\u00e9e avec L\u00e9a et Jo\u00eblle est en ligne sur <a href=\"http:\/\/blog.eau-thermale-avene.com\/blog\/2014\/apres-midi-avene-lea-joelle-2\/\" target=\"_blank\" rel=\"noopener\"><b>le blog d&rsquo;Av\u00e8ne<\/b><\/a>, avec <b>deux<\/b> vid\u00e9os (soins et make up) ! C&rsquo;\u00e9tait un tellement bon moment, j&rsquo;esp\u00e8re qu&rsquo;on a r\u00e9ussi \u00e0 faire passer ce sentiment et que vous le ressentirez aussi !<\/p>\n<p>L\u00e9a souffre d&rsquo;ecz\u00e9ma, je pense que les conseils peuvent int\u00e9resser pas mal d&rsquo;entre vous.<\/p>\n<p>Si vous souffrez d&rsquo;acn\u00e9, <a href=\"http:\/\/www.monblogdefille.com\/blog\/comment-soigner-et-maquiller-lacne-les-conseils-de-joelle-davene\" target=\"_blank\"><strong>cette vid\u00e9o<\/strong><\/a> avec Jo\u00eblle pourra s\u00fbrement vous int\u00e9resser ; et si vous avez des rougeurs je vous conseille <a href=\"http:\/\/www.monblogdefille.com\/blog\/journee-avene-et-rene-furterer-part-2-la-peau\" target=\"_blank\"><strong>celle-ci<\/strong><\/a>.<\/p>\n<p>PS : le blog a \u00e9t\u00e9 refait, vous allez voir comme il est beau !<\/p>\n","protected":false},"excerpt":{"rendered":"<p><a href=\"http:\/\/www.monblogdefille.com\/blog\/wp-content\/uploads\/2014\/08\/av\u00e8ne-l\u00e9a-mon-blog.jpg\"><img loading=\"lazy\" decoding=\"async\" class=\"alignnone size-full wp-image-149086\" alt=\"av\u00e8ne l\u00e9a mon blog\" src=\"http:\/\/www.monblogdefille.com\/blog\/wp-content\/uploads\/2014\/08\/av\u00e8ne-l\u00e9a-mon-blog.jpg\" width=\"700\" height=\"505\" srcset=\"https:\/\/www.monblogdefille.com\/blog\/wp-content\/uploads\/2014\/08\/av\u00e8ne-l\u00e9a-mon-blog.jpg 700w, https:\/\/www.monblogdefille.com\/blog\/wp-content\/uploads\/2014\/08\/av\u00e8ne-l\u00e9a-mon-blog-300x216.jpg 300w\" sizes=\"auto, (max-width: 700px) 100vw, 700px\" \/><\/a><\/p>\n","protected":false},"author":3,"featured_media":149086,"comment_status":"open","ping_status":"open","sticky":false,"template":"","format":"standard","meta":{"footnotes":""},"categories":[1485,1489],"tags":[19995],"class_list":["post-149085","post","type-post","status-publish","format-standard","has-post-thumbnail","hentry","category-le-maquillage","category-le-soin","tag-avene"],"_links":{"self":[{"href":"https:\/\/www.monblogdefille.com\/blog\/wp-json\/wp\/v2\/posts\/149085","targetHints":{"allow":["GET"]}}],"collection":[{"href":"https:\/\/www.monblogdefille.com\/blog\/wp-json\/wp\/v2\/posts"}],"about":[{"href":"https:\/\/www.monblogdefille.com\/blog\/wp-json\/wp\/v2\/types\/post"}],"author":[{"embeddable":true,"href":"https:\/\/www.monblogdefille.com\/blog\/wp-json\/wp\/v2\/users\/3"}],"replies":[{"embeddable":true,"href":"https:\/\/www.monblogdefille.com\/blog\/wp-json\/wp\/v2\/comments?post=149085"}],"version-history":[{"count":0,"href":"https:\/\/www.monblogdefille.com\/blog\/wp-json\/wp\/v2\/posts\/149085\/revisions"}],"wp:featuredmedia":[{"embeddable":true,"href":"https:\/\/www.monblogdefille.com\/blog\/wp-json\/wp\/v2\/media\/149086"}],"wp:attachment":[{"href":"https:\/\/www.monblogdefille.com\/blog\/wp-json\/wp\/v2\/media?parent=149085"}],"wp:term":[{"taxonomy":"category","embeddable":true,"href":"https:\/\/www.monblogdefille.com\/blog\/wp-json\/wp\/v2\/categories?post=149085"},{"taxonomy":"post_tag","embeddable":true,"href":"https:\/\/www.monblogdefille.com\/blog\/wp-json\/wp\/v2\/tags?post=149085"}],"curies":[{"name":"wp","href":"https:\/\/api.w.org\/{rel}","templated":true}]}}