{"id":148923,"date":"2014-08-04T10:22:29","date_gmt":"2014-08-04T08:22:29","guid":{"rendered":"http:\/\/www.monblogdefille.com\/blog\/?p=148923"},"modified":"2014-08-04T10:23:29","modified_gmt":"2014-08-04T08:23:29","slug":"coiffeur-et-maquilleur-a-lille-pour-dora","status":"publish","type":"post","link":"https:\/\/www.monblogdefille.com\/blog\/coiffeur-et-maquilleur-a-lille-pour-dora\/","title":{"rendered":"Coiffeur et maquilleur \u00e0 Lille pour Dora"},"content":{"rendered":"<p>\u00ab\u00a0Bonjour \u00e0 tous, filles et gar\u00e7ons!<\/p>\n<p>Ma remise de dipl\u00f4me (hiiii) a lieu en octobre \u00e0 Lille et je suis \u00e0 la recherche de la bonne adresse coiffure et maquillage pour cet \u00e9v\u00e9nement important.<\/p>\n<p>Je ne serai sur place qu&rsquo;une journ\u00e9e courant septembre donc impossible de faire des essais \u00e0 plusieurs endroits, etc.<\/p>\n<p>Le coiffeur recherch\u00e9 serait quelqu&rsquo;un de dou\u00e9 pour faire des coiffure relev\u00e9s type chignon pas trop strict sur cheveux courts (au niveau du cou).<\/p>\n<p>Le maquilleur recherch\u00e9 serait juste dou\u00e9 tout court ^^ ou en tous cas une bonne adresse maquillage.<\/p>\n<p>Un grand merci \u00e0 toutes et tous,<\/p>\n<p>Sign\u00e9 : Dora \u00ab\u00a0<\/p>\n","protected":false},"excerpt":{"rendered":"<p><img loading=\"lazy\" decoding=\"async\" class=\"alignnone size-full wp-image-123889\" title=\"wanted3\" src=\"http:\/\/www.monblogdefille.com\/blog\/wp-content\/uploads\/2008\/03\/wanted3.jpg\" alt=\"wanted3\" width=\"166\" height=\"200\" \/><\/p>\n","protected":false},"author":3,"featured_media":0,"comment_status":"open","ping_status":"open","sticky":false,"template":"","format":"standard","meta":{"footnotes":""},"categories":[20009,1502],"tags":[19946],"class_list":["post-148923","post","type-post","status-publish","format-standard","hentry","category-beaute","category-wanted","tag-cheveux"],"_links":{"self":[{"href":"https:\/\/www.monblogdefille.com\/blog\/wp-json\/wp\/v2\/posts\/148923","targetHints":{"allow":["GET"]}}],"collection":[{"href":"https:\/\/www.monblogdefille.com\/blog\/wp-json\/wp\/v2\/posts"}],"about":[{"href":"https:\/\/www.monblogdefille.com\/blog\/wp-json\/wp\/v2\/types\/post"}],"author":[{"embeddable":true,"href":"https:\/\/www.monblogdefille.com\/blog\/wp-json\/wp\/v2\/users\/3"}],"replies":[{"embeddable":true,"href":"https:\/\/www.monblogdefille.com\/blog\/wp-json\/wp\/v2\/comments?post=148923"}],"version-history":[{"count":0,"href":"https:\/\/www.monblogdefille.com\/blog\/wp-json\/wp\/v2\/posts\/148923\/revisions"}],"wp:attachment":[{"href":"https:\/\/www.monblogdefille.com\/blog\/wp-json\/wp\/v2\/media?parent=148923"}],"wp:term":[{"taxonomy":"category","embeddable":true,"href":"https:\/\/www.monblogdefille.com\/blog\/wp-json\/wp\/v2\/categories?post=148923"},{"taxonomy":"post_tag","embeddable":true,"href":"https:\/\/www.monblogdefille.com\/blog\/wp-json\/wp\/v2\/tags?post=148923"}],"curies":[{"name":"wp","href":"https:\/\/api.w.org\/{rel}","templated":true}]}}