{"id":148905,"date":"2014-07-31T09:04:07","date_gmt":"2014-07-31T07:04:07","guid":{"rendered":"http:\/\/www.monblogdefille.com\/blog\/?p=148905"},"modified":"2014-08-12T12:01:38","modified_gmt":"2014-08-12T10:01:38","slug":"beaute-en-vacances-ce-que-jai-reellement-utilise","status":"publish","type":"post","link":"https:\/\/www.monblogdefille.com\/blog\/beaute-en-vacances-ce-que-jai-reellement-utilise\/","title":{"rendered":"Beaut\u00e9 en vacances : ce que j&rsquo;ai r\u00e9ellement utilis\u00e9"},"content":{"rendered":"<p>[youtube]http:\/\/youtu.be\/AQeCINmieV4[\/youtube]<\/p>\n<p>Vous la voyez, la fille qui dit qu&rsquo;elle va poster moins souvent et qui pond une vid\u00e9o d\u00e8s le lendemain ? Ca s&rsquo;appelle \u00eatre workaholic, j&rsquo;en ai bien peur ;-) Promis je vais essayer de me calmer et de penser un peu \u00e0 moi !<\/p>\n<p style=\"text-align: center;\"><b>Casquette Quicksilver<\/b><\/p>\n<p style=\"text-align: center;\"><b><a href=\"http:\/\/tinyurl.com\/qdya43p\" target=\"_blank\" rel=\"noopener\">Emulsion solaire Av\u00e8ne SPF 50 toucher sec<\/a>\u00a0<\/b><\/p>\n<p style=\"text-align: center;\"><a href=\"http:\/\/track.effiliation.com\/servlet\/effi.redir?id_compteur=13069484&#038;url=http%3A%2F%2Fwww.kiehls.fr%2F%3Futm_source%3DEffiliation%26utm_medium%3DAffiliation%26utm_campaign%3D1395050282http%3A%2F%2Fwww.kiehls.fr%2Fvisage%2Fnettoyants-%2F-demaquillants%2Fultra-facial-cleanser\" target=\"_blank\" rel=\"noopener\"><b>Ultra Facial Cleanser Kiehl&rsquo;s<\/b> <\/a><\/p>\n<p style=\"text-align: center;\"><a href=\"http:\/\/tinyurl.com\/l9v9lwn\" target=\"_blank\" rel=\"noopener\"><b>Shampoing extra doux Ducray<\/b><\/a><\/p>\n<p style=\"text-align: center;\"><b><a href=\"http:\/\/tinyurl.com\/ledz3ch\" target=\"_blank\" rel=\"noopener\">Shampoing pour cheveux color\u00e9s Kiehl&rsquo;s<\/a>\u00a0<\/b><\/p>\n<p style=\"text-align: center;\"><a href=\"http:\/\/tidd.ly\/16ad1536\" target=\"_blank\" rel=\"noopener\"><b>Havaianas slim argent\u00e9es<\/b><\/a><\/p>\n<p>Je porte un <a href=\"http:\/\/tinyurl.com\/n9sb3au\" target=\"_blank\" rel=\"noopener\"><b>top Cos<\/b><\/a>, le <a href=\"http:\/\/tidd.ly\/5e9f7d81\" target=\"_blank\" rel=\"noopener\"><b>fond de teint Dior compact gel\u00e9e effet peau nue <\/b><\/a>en 030, le <a href=\"http:\/\/tinyurl.com\/cvzg3dx\" target=\"_blank\" rel=\"noopener\"><b>blush Tarte Tipsy<\/b><\/a> et le <a href=\"http:\/\/tinyurl.com\/j2ympjf\" target=\"_blank\" rel=\"noopener\"><b>mascara Clarins Truly Waterproof<\/b><\/a>.<\/p>\n","protected":false},"excerpt":{"rendered":"<p><strong>POUR VOIR LA VIDEO BEAUTE EN VACANCES,<a href= \"http:\/\/www.monblogdefille.com\/blog\/beaute-en-vacances-ce-que-jai-reellement-utilise\" target=\"_self\"> CLIQUEZ ICI<\/a><\/strong><\/p>\n<p><a href=\"http:\/\/www.monblogdefille.com\/blog\/wp-content\/uploads\/2014\/07\/beaut\u00e9-vacances-2.jpg\"><img loading=\"lazy\" decoding=\"async\" class=\"alignnone size-full wp-image-148906\" alt=\"beaut\u00e9 vacances 2\" src=\"http:\/\/www.monblogdefille.com\/blog\/wp-content\/uploads\/2014\/07\/beaut\u00e9-vacances-2.jpg\" width=\"700\" height=\"620\" srcset=\"https:\/\/www.monblogdefille.com\/blog\/wp-content\/uploads\/2014\/07\/beaut\u00e9-vacances-2.jpg 700w, https:\/\/www.monblogdefille.com\/blog\/wp-content\/uploads\/2014\/07\/beaut\u00e9-vacances-2-300x266.jpg 300w\" sizes=\"auto, (max-width: 700px) 100vw, 700px\" \/><\/a><\/p>\n","protected":false},"author":3,"featured_media":148906,"comment_status":"open","ping_status":"open","sticky":false,"template":"","format":"standard","meta":{"footnotes":""},"categories":[1489,20158,19978],"tags":[19946,19961],"class_list":["post-148905","post","type-post","status-publish","format-standard","has-post-thumbnail","hentry","category-le-soin","category-soin","category-videos","tag-cheveux","tag-soleil"],"_links":{"self":[{"href":"https:\/\/www.monblogdefille.com\/blog\/wp-json\/wp\/v2\/posts\/148905","targetHints":{"allow":["GET"]}}],"collection":[{"href":"https:\/\/www.monblogdefille.com\/blog\/wp-json\/wp\/v2\/posts"}],"about":[{"href":"https:\/\/www.monblogdefille.com\/blog\/wp-json\/wp\/v2\/types\/post"}],"author":[{"embeddable":true,"href":"https:\/\/www.monblogdefille.com\/blog\/wp-json\/wp\/v2\/users\/3"}],"replies":[{"embeddable":true,"href":"https:\/\/www.monblogdefille.com\/blog\/wp-json\/wp\/v2\/comments?post=148905"}],"version-history":[{"count":0,"href":"https:\/\/www.monblogdefille.com\/blog\/wp-json\/wp\/v2\/posts\/148905\/revisions"}],"wp:featuredmedia":[{"embeddable":true,"href":"https:\/\/www.monblogdefille.com\/blog\/wp-json\/wp\/v2\/media\/148906"}],"wp:attachment":[{"href":"https:\/\/www.monblogdefille.com\/blog\/wp-json\/wp\/v2\/media?parent=148905"}],"wp:term":[{"taxonomy":"category","embeddable":true,"href":"https:\/\/www.monblogdefille.com\/blog\/wp-json\/wp\/v2\/categories?post=148905"},{"taxonomy":"post_tag","embeddable":true,"href":"https:\/\/www.monblogdefille.com\/blog\/wp-json\/wp\/v2\/tags?post=148905"}],"curies":[{"name":"wp","href":"https:\/\/api.w.org\/{rel}","templated":true}]}}