{"id":148482,"date":"2014-06-05T09:06:29","date_gmt":"2014-06-05T07:06:29","guid":{"rendered":"http:\/\/www.monblogdefille.com\/blog\/?p=148482"},"modified":"2014-09-24T18:46:40","modified_gmt":"2014-09-24T16:46:40","slug":"mes-marques-de-soin-preferees","status":"publish","type":"post","link":"https:\/\/www.monblogdefille.com\/blog\/mes-marques-de-soin-preferees\/","title":{"rendered":"Mes marques de soin pr\u00e9f\u00e9r\u00e9es"},"content":{"rendered":"<p><a href=\"http:\/\/www.monblogdefille.com\/blog\/wp-content\/uploads\/2014\/06\/marques-soins-preferees.jpg\"><img loading=\"lazy\" decoding=\"async\" class=\"alignnone size-full wp-image-148483\" alt=\"marques soins preferees\" src=\"http:\/\/www.monblogdefille.com\/blog\/wp-content\/uploads\/2014\/06\/marques-soins-preferees.jpg\" width=\"700\" height=\"543\" srcset=\"https:\/\/www.monblogdefille.com\/blog\/wp-content\/uploads\/2014\/06\/marques-soins-preferees.jpg 700w, https:\/\/www.monblogdefille.com\/blog\/wp-content\/uploads\/2014\/06\/marques-soins-preferees-300x233.jpg 300w\" sizes=\"auto, (max-width: 700px) 100vw, 700px\" \/><\/a><\/p>\n<p>Souvent je re\u00e7ois des mails me demandant quelles sont mes marques pr\u00e9f\u00e9r\u00e9es. Du coup je me suis dit que j&rsquo;allais r\u00e9pondre ici en commen\u00e7ant par le soin, des fois que \u00e7a int\u00e9resse du monde ;-)<\/p>\n<p>Je pense que j&rsquo;ai re\u00e7u une influence profonde de ma m\u00e8re, qui n&rsquo;utilisait que des cr\u00e8mes de pharmacie. Apr\u00e8s \u00eatre pass\u00e9e par bien des chemins et bien des essais (plus ou moins r\u00e9ussis), ce sont celles qui aujourd&rsquo;hui m&rsquo;inspirent le plus confiance et dont je suis s\u00fbre du bon rapport qualit\u00e9-prix.<br \/>\nIl y a tout de m\u00eame quelques marques de luxe que je ne renierais pas, pas parce qu&rsquo;elles font du luxe (\u00e7a ne m&rsquo;impressionne pas du tout dans ce domaine) mais parce qu&rsquo;elles le font avec un immense s\u00e9rieux et ne m&rsquo;ont jamais fait souffrir de r\u00e9actions ou d&rsquo;allergies.<\/p>\n<p>Ca me rappelle cette discussion que j&rsquo;ai eu r\u00e9cemment avec <a href=\"http:\/\/demaquillages.blogspot.fr\/\" target=\"_blank\" rel=\"noopener\"><b>Sophie<\/b> <\/a>: elle disait \u00ab\u00a0je ne suis pas fan des produits de pharmacie, j&rsquo;ai l&rsquo;impression de me mettre un m\u00e9dicament sur le visage\u00a0\u00bb, et moi de r\u00e9pondre \u00ab\u00a0ahhh justement, c&rsquo;est \u00e7a que j&rsquo;aime ! Ca me rassure et j&rsquo;ai l&rsquo;impression de faire du bien \u00e0 ma peau ! ;-)\u00a0\u00bb<\/p>\n<p>Voici donc mes marques de soin pr\u00e9f\u00e9r\u00e9es \u00e0 ce jour (je ne sais pas ce qu&rsquo;il en sera d&rsquo;ici 2 ou 5 ou 10 ans ;-), je vous les mets par ordre alphab\u00e9tique avec mes produits pr\u00e9f\u00e9r\u00e9s \u00e0 chaque fois (non il n&rsquo;y a pas tout sur la photo, \u00e7a ne tenait pas ;-) :<\/p>\n<p><strong>A-DERMA<\/strong><br \/>\n&#8211; <a href=\"http:\/\/tinyurl.com\/l7g3ojo\" target=\"_blank\" rel=\"noopener\"><b>Cr\u00e8me Exomega<\/b><\/a><br \/>\n&#8211; <a href=\"http:\/\/tinyurl.com\/ofue3az\" target=\"_blank\" rel=\"noopener\"><b>Cr\u00e8me Epith\u00e9liale<\/b><\/a><\/p>\n<p><strong>AVENE<\/strong><br \/>\n&#8211; <a href=\"http:\/\/tinyurl.com\/pe2rxsz\" target=\"_blank\" rel=\"noopener\"><b>Masque Apaisant Hydratant<\/b><\/a><br \/>\n&#8211; <a href=\"http:\/\/tinyurl.com\/osv4ms9\" target=\"_blank\" rel=\"noopener\"><b>Cr\u00e8me Cicalfate<\/b><\/a><br \/>\n&#8211; <a href=\"http:\/\/tinyurl.com\/qdya43p\" target=\"_blank\" rel=\"noopener\"><b>Emulsion solaire SPF 50 toucher sec<\/b><\/a><br \/>\n&#8211; <a href=\"http:\/\/tinyurl.com\/qzaqqcs\" target=\"_blank\" rel=\"noopener\"><b>Spray d&rsquo;eau thermale<\/b><\/a><br \/>\n&#8211; <a href=\"http:\/\/tinyurl.com\/lu5h82v\" target=\"_blank\" rel=\"noopener\"><b>Cr\u00e8me nutritive compensatrice riche<\/b><\/a><br \/>\n&#8211; <strong><a href=\"http:\/\/tinyurl.com\/ojo6mvk\" target=\"_blank\" rel=\"noopener\">Soin apaisant contour des yeux<\/a>\u00a0<\/strong><\/p>\n<p><strong>BOBBI BROWN<\/strong><br \/>\n&#8211; <b><a href=\"http:\/\/tidd.ly\/5771d209\" target=\"_blank\" rel=\"noopener\">Baume \u00e0 l\u00e8vres<\/a>\u00a0<\/b><\/p>\n<p><strong>CLARINS<\/strong><br \/>\n&#8211; <a href=\"http:\/\/tinyurl.com\/hw6lchu\" target=\"_blank\" rel=\"noopener\"><b>Double S\u00e9rum<\/b><\/a><br \/>\n&#8211; <a href=\"http:\/\/tinyurl.com\/gwahfdw\" target=\"_blank\" rel=\"noopener\"><b>Huile Orchid\u00e9e Bleue<\/b> <\/a><br \/>\n&#8211; <a href=\"http:\/\/tidd.ly\/5e9f7d81\" target=\"_blank\" rel=\"noopener\"><strong>UV Plus Ecran multi protection<\/strong><\/a><\/p>\n<p><strong>CLINIQUE<\/strong><br \/>\n&#8211; <a href=\"http:\/\/tinyurl.com\/pasje8x\" target=\"_blank\" rel=\"noopener\"><b>Cr\u00e8me Comfort on Call<\/b><\/a><b><br \/>\n&#8211; <\/b><a href=\"http:\/\/tidd.ly\/5e9f7d81\" target=\"_blank\" rel=\"noopener\"><b>Even Better \u00e9cran ville SPF 45<\/b><\/a><br \/>\n&#8211; <a href=\"http:\/\/tinyurl.com\/zptvntc\" target=\"_blank\" rel=\"noopener\"><b>DDML +<\/b><\/a><br \/>\n&#8211; <a href=\"http:\/\/tidd.ly\/5e9f7d81\" target=\"_blank\" rel=\"noopener\"><b>CC Cr\u00e8me<\/b><\/a> (ils la classent en soin donc je la mets ici)<br \/>\n&#8211; <a href=\"http:\/\/tidd.ly\/5e9f7d81\" target=\"_blank\" rel=\"noopener\"><b>Repairwear Intensive Lip Treatment\u00a0<\/b><\/a><\/p>\n<p><strong>ESTEE LAUDER<\/strong><br \/>\n&#8211; <a href=\"http:\/\/tinyurl.com\/jj4qerq\" target=\"_blank\" rel=\"noopener\"><b>Re Nutriv cr\u00e8me lifting supr\u00eame Contour des yeux<\/b><\/a> (ruineux mais merveilleux)<\/p>\n<p><strong>KIEHL&rsquo;S<\/strong><br \/>\n&#8211; <a href=\"http:\/\/tinyurl.com\/jwn3jfj\" target=\"_blank\" rel=\"noopener\"><b>Daily UV Defense SPF 50<\/b><\/a><br \/>\n&#8211; <a href=\"http:\/\/tinyurl.com\/khjeq8q\" target=\"_blank\" rel=\"noopener\"><b>Ultra facial cream<\/b><\/a><br \/>\n&#8211; <b><a href=\"http:\/\/tinyurl.com\/n7skwjy\" target=\"_blank\" rel=\"noopener\">Contour des yeux \u00e0 l&rsquo;avocat<\/a>\u00a0<\/b><\/p>\n<p><strong>L&rsquo;OCCITANE<\/strong><br \/>\n&#8211; <a href=\"http:\/\/tinyurl.com\/osyre4o\" target=\"_blank\" rel=\"noopener\"><strong>Cr\u00e8me pour les mains au karit\u00e9<\/strong><\/a><br \/>\n&#8211; <a href=\"http:\/\/tinyurl.com\/kuwy9eg\" target=\"_blank\" rel=\"noopener\"><strong>Cr\u00e8me Ultra Riche visage au karit\u00e9<\/strong> <\/a><br \/>\n&#8211; \u00e0 vrai dire il y a beaucoup de bons produits dans la <a href=\"http:\/\/tinyurl.com\/pabba9e\" target=\"_blank\" rel=\"noopener\"><strong>gamme karit\u00e9<\/strong><\/a><\/p>\n<p><strong>NUXE<\/strong><br \/>\n&#8211; <a href=\"http:\/\/tinyurl.com\/kaaq7va\" target=\"_blank\" rel=\"noopener\"><b>Baume \u00e0 l\u00e8vres R\u00eave de miel<\/b><\/a><\/p>\n<p><strong>SHISEIDO<\/strong><br \/>\n&#8211; <a href=\"http:\/\/tinyurl.com\/hk3lo2g\" target=\"_blank\" rel=\"noopener\"><b>Compact solaire<\/b><\/a> (oui c&rsquo;est du soin, comme chez Clinique)<b><\/b><br \/>\n&#8211; <a href=\"http:\/\/tidd.ly\/5e9f7d81\" target=\"_blank\" rel=\"noopener\"><b>Cr\u00e8me super R\u00e9g\u00e9n\u00e9rante Intensive Bio-Performance<\/b><\/a><br \/>\n&#8211; <a href=\"http:\/\/tinyurl.com\/haz7doe\" target=\"_blank\" rel=\"noopener\"><b>Future Solution LX Cr\u00e8me R\u00e9g\u00e9n\u00e9rante contour des yeux<\/b><\/a>\u00a0<b><\/b><\/p>\n<p><strong>SHU UEMURA<\/strong><br \/>\n&#8211; <a href=\"http:\/\/tinyurl.com\/pgpwyp8\" target=\"_blank\" rel=\"noopener\"><b>Huile d\u00e9maquillante<\/b><\/a> (oh, sans blague ? ;-)\u00a0<b><\/b><\/p>\n<p><strong>THE BODY SHOP<\/strong><br \/>\n&#8211; <a href=\"http:\/\/tinyurl.com\/czq9zuu\" target=\"_blank\" rel=\"noopener\"><b>Cr\u00e8me mains au chanvre<\/b><\/a><br \/>\n&#8211; <a href=\"http:\/\/tinyurl.com\/d4n3s9v\" target=\"_blank\" rel=\"noopener\"><b>Beurre Corporel \u00e0 l&rsquo;olive<\/b><\/a><\/p>\n<p>Voil\u00e0\u00e0\u00e0\u00e0, j&rsquo;esp\u00e8re que \u00e7a aura r\u00e9pondu aux questions de certain(e)s, mais si vous me connaissez depuis un peu de temps vous n&rsquo;aurez pas appris grand chose, je pense ;-)<\/p>\n","protected":false},"excerpt":{"rendered":"<p><a href=\"http:\/\/www.monblogdefille.com\/blog\/wp-content\/uploads\/2014\/06\/marques-soins-preferees.jpg\"><img loading=\"lazy\" decoding=\"async\" class=\"alignnone size-full wp-image-148483\" alt=\"marques soins preferees\" src=\"http:\/\/www.monblogdefille.com\/blog\/wp-content\/uploads\/2014\/06\/marques-soins-preferees.jpg\" width=\"700\" height=\"543\" srcset=\"https:\/\/www.monblogdefille.com\/blog\/wp-content\/uploads\/2014\/06\/marques-soins-preferees.jpg 700w, https:\/\/www.monblogdefille.com\/blog\/wp-content\/uploads\/2014\/06\/marques-soins-preferees-300x233.jpg 300w\" sizes=\"auto, (max-width: 700px) 100vw, 700px\" \/><\/a><\/p>\n","protected":false},"author":3,"featured_media":148483,"comment_status":"open","ping_status":"open","sticky":false,"template":"","format":"standard","meta":{"footnotes":""},"categories":[1489],"tags":[20064,19989,20109,20089,19961],"class_list":["post-148482","post","type-post","status-publish","format-standard","has-post-thumbnail","hentry","category-le-soin","tag-anti-rides","tag-contour-des-yeux","tag-demaquillage","tag-hydratation","tag-soleil"],"_links":{"self":[{"href":"https:\/\/www.monblogdefille.com\/blog\/wp-json\/wp\/v2\/posts\/148482","targetHints":{"allow":["GET"]}}],"collection":[{"href":"https:\/\/www.monblogdefille.com\/blog\/wp-json\/wp\/v2\/posts"}],"about":[{"href":"https:\/\/www.monblogdefille.com\/blog\/wp-json\/wp\/v2\/types\/post"}],"author":[{"embeddable":true,"href":"https:\/\/www.monblogdefille.com\/blog\/wp-json\/wp\/v2\/users\/3"}],"replies":[{"embeddable":true,"href":"https:\/\/www.monblogdefille.com\/blog\/wp-json\/wp\/v2\/comments?post=148482"}],"version-history":[{"count":0,"href":"https:\/\/www.monblogdefille.com\/blog\/wp-json\/wp\/v2\/posts\/148482\/revisions"}],"wp:featuredmedia":[{"embeddable":true,"href":"https:\/\/www.monblogdefille.com\/blog\/wp-json\/wp\/v2\/media\/148483"}],"wp:attachment":[{"href":"https:\/\/www.monblogdefille.com\/blog\/wp-json\/wp\/v2\/media?parent=148482"}],"wp:term":[{"taxonomy":"category","embeddable":true,"href":"https:\/\/www.monblogdefille.com\/blog\/wp-json\/wp\/v2\/categories?post=148482"},{"taxonomy":"post_tag","embeddable":true,"href":"https:\/\/www.monblogdefille.com\/blog\/wp-json\/wp\/v2\/tags?post=148482"}],"curies":[{"name":"wp","href":"https:\/\/api.w.org\/{rel}","templated":true}]}}