{"id":148364,"date":"2014-05-20T09:02:32","date_gmt":"2014-05-20T07:02:32","guid":{"rendered":"http:\/\/www.monblogdefille.com\/blog\/?p=148364"},"modified":"2014-05-23T10:43:13","modified_gmt":"2014-05-23T08:43:13","slug":"melanome-day-le-22-mai","status":"publish","type":"post","link":"https:\/\/www.monblogdefille.com\/blog\/melanome-day-le-22-mai\/","title":{"rendered":"M\u00e9lanome Day le 22 mai"},"content":{"rendered":"<p><a href=\"http:\/\/www.monblogdefille.com\/blog\/wp-content\/uploads\/2014\/05\/depistage-melanome-mai2014.jpg\"><img loading=\"lazy\" decoding=\"async\" class=\"alignnone size-full wp-image-148365\" alt=\"depistage-melanome-mai2014\" src=\"http:\/\/www.monblogdefille.com\/blog\/wp-content\/uploads\/2014\/05\/depistage-melanome-mai2014.jpg\" width=\"700\" height=\"1034\" srcset=\"https:\/\/www.monblogdefille.com\/blog\/wp-content\/uploads\/2014\/05\/depistage-melanome-mai2014.jpg 700w, https:\/\/www.monblogdefille.com\/blog\/wp-content\/uploads\/2014\/05\/depistage-melanome-mai2014-203x300.jpg 203w, https:\/\/www.monblogdefille.com\/blog\/wp-content\/uploads\/2014\/05\/depistage-melanome-mai2014-693x1024.jpg 693w\" sizes=\"auto, (max-width: 700px) 100vw, 700px\" \/><\/a><\/p>\n<p><strong>Jeudi 22 mai<\/strong> aura lieu la <a href=\"http:\/\/www.syndicatdermatos.org\/journee-de-prevention-et-depistage-des-cancers-de-la-peau\/\" target=\"_blank\" rel=\"noopener\"><b>Journ\u00e9e Nationale de pr\u00e9vention et de d\u00e9pistage des cancers de la peau<\/b><\/a>, comme tous les ans depuis 16 ans.<\/p>\n<p>C&rsquo;est organis\u00e9 par le Syndicat National des Dermatologues, avec le soutien de l&rsquo;Institut National du Cancer.<\/p>\n<p>Pour obtenir un rendez-vous (le d\u00e9pistage est anonyme et gratuit), c&rsquo;est au 0800 11 2014 ou sur le <a href=\"http:\/\/www.syndicatdermatos.org\/journee-de-prevention-et-depistage-des-cancers-de-la-peau\/\" target=\"_blank\" rel=\"noopener\"><b>site du Syndicat des dermatologues<\/b><\/a>.<\/p>\n<p>Tout le monde peut d\u00e9velopper un cancer de la peau. Certaines personnes sont plus \u00ab \u00e0 risque \u00bb notamment de m\u00e9lanome et en particulier celles qui ont :<\/p>\n<p>&#8211; une peau, des cheveux ou des yeux de couleur claire,<\/p>\n<p>&#8211; de nombreuses t\u00e2ches de rousseurs,<\/p>\n<p>&#8211; de nombreux grains de beaut\u00e9 (nombre sup\u00e9rieur \u00e0 40),<\/p>\n<p>&#8211; des grains de beaut\u00e9 atypiques ou un \u00ab naevus cong\u00e9nital g\u00e9ant \u00bb,<\/p>\n<p>&#8211; pass\u00e9 ou passent beaucoup de temps au soleil (ant\u00e9c\u00e9dents de br\u00fblure solaire) ou qui font usage des cabines UV,<\/p>\n<p>&#8211; des ant\u00e9c\u00e9dents personnels ou familiaux de m\u00e9lanome.<\/p>\n<p>Perso j&rsquo;ai pris des coups de soleil \u00e9pouvantables pendant mon adolescence (allez donc forcer une ado qui va \u00e0 la plage avec ses potes et sans ses parents, \u00e0 mettre de la cr\u00e8me solaire&#8230;), j&rsquo;ai perdu toute la peau de mon dos plusieurs ann\u00e9es de suite tellement j&rsquo;ai pris de coups de soleil ; aujourd&rsquo;hui je fais v\u00e9rifier tous mes grains de beaut\u00e9 (vraiment tous, du cuir chevelu aux orteils) par ma dermato tous les ans.<\/p>\n<p>Et je ne me mets pas au soleil, \u00e9videmment (sauf situation forc\u00e9e = plage avec neveux tous petits qu&rsquo;il faut poursuivre sans arr\u00eat, dans ce cas jamais avant 17h, et protection maximum).<\/p>\n","protected":false},"excerpt":{"rendered":"<p><a href=\"http:\/\/www.monblogdefille.com\/blog\/wp-content\/uploads\/2014\/05\/depistage-melanome-mai2014.jpg\"><img loading=\"lazy\" decoding=\"async\" class=\"alignnone size-full wp-image-148365\" alt=\"depistage-melanome-mai2014\" src=\"http:\/\/www.monblogdefille.com\/blog\/wp-content\/uploads\/2014\/05\/depistage-melanome-mai2014.jpg\" width=\"700\" height=\"1034\" srcset=\"https:\/\/www.monblogdefille.com\/blog\/wp-content\/uploads\/2014\/05\/depistage-melanome-mai2014.jpg 700w, https:\/\/www.monblogdefille.com\/blog\/wp-content\/uploads\/2014\/05\/depistage-melanome-mai2014-203x300.jpg 203w, https:\/\/www.monblogdefille.com\/blog\/wp-content\/uploads\/2014\/05\/depistage-melanome-mai2014-693x1024.jpg 693w\" sizes=\"auto, (max-width: 700px) 100vw, 700px\" \/><\/a><\/p>\n","protected":false},"author":3,"featured_media":148365,"comment_status":"open","ping_status":"open","sticky":false,"template":"","format":"standard","meta":{"footnotes":""},"categories":[1489],"tags":[19961],"class_list":["post-148364","post","type-post","status-publish","format-standard","has-post-thumbnail","hentry","category-le-soin","tag-soleil"],"_links":{"self":[{"href":"https:\/\/www.monblogdefille.com\/blog\/wp-json\/wp\/v2\/posts\/148364","targetHints":{"allow":["GET"]}}],"collection":[{"href":"https:\/\/www.monblogdefille.com\/blog\/wp-json\/wp\/v2\/posts"}],"about":[{"href":"https:\/\/www.monblogdefille.com\/blog\/wp-json\/wp\/v2\/types\/post"}],"author":[{"embeddable":true,"href":"https:\/\/www.monblogdefille.com\/blog\/wp-json\/wp\/v2\/users\/3"}],"replies":[{"embeddable":true,"href":"https:\/\/www.monblogdefille.com\/blog\/wp-json\/wp\/v2\/comments?post=148364"}],"version-history":[{"count":0,"href":"https:\/\/www.monblogdefille.com\/blog\/wp-json\/wp\/v2\/posts\/148364\/revisions"}],"wp:featuredmedia":[{"embeddable":true,"href":"https:\/\/www.monblogdefille.com\/blog\/wp-json\/wp\/v2\/media\/148365"}],"wp:attachment":[{"href":"https:\/\/www.monblogdefille.com\/blog\/wp-json\/wp\/v2\/media?parent=148364"}],"wp:term":[{"taxonomy":"category","embeddable":true,"href":"https:\/\/www.monblogdefille.com\/blog\/wp-json\/wp\/v2\/categories?post=148364"},{"taxonomy":"post_tag","embeddable":true,"href":"https:\/\/www.monblogdefille.com\/blog\/wp-json\/wp\/v2\/tags?post=148364"}],"curies":[{"name":"wp","href":"https:\/\/api.w.org\/{rel}","templated":true}]}}