{"id":148104,"date":"2014-04-22T09:00:40","date_gmt":"2014-04-22T07:00:40","guid":{"rendered":"http:\/\/www.monblogdefille.com\/blog\/?p=148104"},"modified":"2016-08-15T19:50:07","modified_gmt":"2016-08-15T17:50:07","slug":"sous-la-colonnade","status":"publish","type":"post","link":"https:\/\/www.monblogdefille.com\/blog\/sous-la-colonnade\/","title":{"rendered":"Sous la colonnade"},"content":{"rendered":"<p><a href=\"http:\/\/www.monblogdefille.com\/blog\/wp-content\/uploads\/2014\/04\/sous-la-colonnade-093.jpg\"><img loading=\"lazy\" decoding=\"async\" class=\"alignnone size-full wp-image-148105\" alt=\"sous la colonnade 093\" src=\"http:\/\/www.monblogdefille.com\/blog\/wp-content\/uploads\/2014\/04\/sous-la-colonnade-093.jpg\" width=\"700\" height=\"763\" srcset=\"https:\/\/www.monblogdefille.com\/blog\/wp-content\/uploads\/2014\/04\/sous-la-colonnade-093.jpg 700w, https:\/\/www.monblogdefille.com\/blog\/wp-content\/uploads\/2014\/04\/sous-la-colonnade-093-275x300.jpg 275w\" sizes=\"auto, (max-width: 700px) 100vw, 700px\" \/><\/a><\/p>\n<p>Hier avec Rapha\u00ebl on a d\u00e9cid\u00e9 de faire des photos plut\u00f4t que de chercher des oeufs (uhuh), et j&rsquo;avais envie depuis longtemps d&rsquo;en faire sous une des colonnades du Louvre. L&rsquo;architecture est sublime et la lumi\u00e8re magnifique, et en plus il n&rsquo;y a personne alors que toute la cour du Louvre grouille litt\u00e9ralement (de gens qui se prennent en photo aussi ;-).<\/p>\n<p>Voil\u00e0 pourquoi il y a aujourd&rsquo;hui deux looks \u00ab\u00a0crois\u00e9s\u00a0\u00bb <a href=\"http:\/\/www.styledotboy.com\/2014\/04\/a-deux-cest-mieux\/\" target=\"_blank\" rel=\"noopener\"><b>sur son blog<\/b><\/a> et ici ;-)<\/p>\n<p>(je porte de plus en plus de vestes, je n&rsquo;en reviens pas moi-m\u00eame ; mais comment vouliez-vous que je r\u00e9siste \u00e0 la couleur de celle-ci ?? On dirait un hybride entre un blush et un bronzer !)<\/p>\n<p>(ce sac m&rsquo;enchante, il a pile la bonne taille et j&rsquo;adore toujours autant le l\u00e9opard en touche sur les accessoires)<\/p>\n<p>(quoi encore des baskets ? Ecoutez je ne porte quasi que \u00e7a en ce moment, et je vous montre ce que je porte ;-)<\/p>\n<p>(Rapha\u00ebl refuse que je porte des lunettes de soleil pour les photos, il trouve que \u00e7a fait touriste. C&rsquo;est dommage, \u00e7a cache bien les cernes ;-) (oui c&rsquo;est la derni\u00e8re parenth\u00e8se, je le jure)<\/p>\n<p><a href=\"http:\/\/www.monblogdefille.com\/blog\/wp-content\/uploads\/2014\/04\/sous-la-colonnade-019.jpg\"><img loading=\"lazy\" decoding=\"async\" class=\"alignnone size-full wp-image-148106\" alt=\"sous la colonnade 019\" src=\"http:\/\/www.monblogdefille.com\/blog\/wp-content\/uploads\/2014\/04\/sous-la-colonnade-019.jpg\" width=\"700\" height=\"1151\" srcset=\"https:\/\/www.monblogdefille.com\/blog\/wp-content\/uploads\/2014\/04\/sous-la-colonnade-019.jpg 700w, https:\/\/www.monblogdefille.com\/blog\/wp-content\/uploads\/2014\/04\/sous-la-colonnade-019-182x300.jpg 182w, https:\/\/www.monblogdefille.com\/blog\/wp-content\/uploads\/2014\/04\/sous-la-colonnade-019-623x1024.jpg 623w\" sizes=\"auto, (max-width: 700px) 100vw, 700px\" \/><\/a><\/p>\n<p><a href=\"http:\/\/www.monblogdefille.com\/blog\/wp-content\/uploads\/2014\/04\/sous-la-colonnade-102.jpg\"><img loading=\"lazy\" decoding=\"async\" class=\"alignnone size-full wp-image-148107\" alt=\"sous la colonnade 102\" src=\"http:\/\/www.monblogdefille.com\/blog\/wp-content\/uploads\/2014\/04\/sous-la-colonnade-102.jpg\" width=\"700\" height=\"692\" srcset=\"https:\/\/www.monblogdefille.com\/blog\/wp-content\/uploads\/2014\/04\/sous-la-colonnade-102.jpg 700w, https:\/\/www.monblogdefille.com\/blog\/wp-content\/uploads\/2014\/04\/sous-la-colonnade-102-300x297.jpg 300w\" sizes=\"auto, (max-width: 700px) 100vw, 700px\" \/><\/a><\/p>\n<p><a href=\"http:\/\/www.monblogdefille.com\/blog\/wp-content\/uploads\/2014\/04\/sous-la-colonnade-006.jpg\"><img loading=\"lazy\" decoding=\"async\" class=\"alignnone size-full wp-image-148108\" alt=\"sous la colonnade 006\" src=\"http:\/\/www.monblogdefille.com\/blog\/wp-content\/uploads\/2014\/04\/sous-la-colonnade-006.jpg\" width=\"700\" height=\"531\" srcset=\"https:\/\/www.monblogdefille.com\/blog\/wp-content\/uploads\/2014\/04\/sous-la-colonnade-006.jpg 700w, https:\/\/www.monblogdefille.com\/blog\/wp-content\/uploads\/2014\/04\/sous-la-colonnade-006-300x228.jpg 300w\" sizes=\"auto, (max-width: 700px) 100vw, 700px\" \/><\/a><\/p>\n<p><a href=\"http:\/\/www.monblogdefille.com\/blog\/wp-content\/uploads\/2014\/04\/sous-la-colonnade-039.jpg\"><img loading=\"lazy\" decoding=\"async\" class=\"alignnone size-full wp-image-148109\" alt=\"sous la colonnade 039\" src=\"http:\/\/www.monblogdefille.com\/blog\/wp-content\/uploads\/2014\/04\/sous-la-colonnade-039.jpg\" width=\"700\" height=\"1005\" srcset=\"https:\/\/www.monblogdefille.com\/blog\/wp-content\/uploads\/2014\/04\/sous-la-colonnade-039.jpg 700w, https:\/\/www.monblogdefille.com\/blog\/wp-content\/uploads\/2014\/04\/sous-la-colonnade-039-209x300.jpg 209w\" sizes=\"auto, (max-width: 700px) 100vw, 700px\" \/><\/a><\/p>\n<p><a href=\"http:\/\/www.monblogdefille.com\/blog\/wp-content\/uploads\/2014\/04\/sous-la-colonnade-048.jpg\"><img loading=\"lazy\" decoding=\"async\" class=\"alignnone size-full wp-image-148110\" alt=\"sous la colonnade 048\" src=\"http:\/\/www.monblogdefille.com\/blog\/wp-content\/uploads\/2014\/04\/sous-la-colonnade-048.jpg\" width=\"700\" height=\"512\" srcset=\"https:\/\/www.monblogdefille.com\/blog\/wp-content\/uploads\/2014\/04\/sous-la-colonnade-048.jpg 700w, https:\/\/www.monblogdefille.com\/blog\/wp-content\/uploads\/2014\/04\/sous-la-colonnade-048-300x219.jpg 300w\" sizes=\"auto, (max-width: 700px) 100vw, 700px\" \/><\/a><\/p>\n<p style=\"text-align: center;\"><b><a href=\"http:\/\/tinyurl.com\/nfv2qsv\" target=\"_blank\" rel=\"noopener\">Veste Oasis<\/a>\u00a0<\/b><b><\/b><\/p>\n<p style=\"text-align: center;\"><a href=\"http:\/\/tinyurl.com\/kwuxben\" target=\"_blank\" rel=\"noopener\"><b>Tee shirt Stella Forest<\/b>\u00a0<\/a><\/p>\n<p style=\"text-align: center;\"><a href=\"http:\/\/tinyurl.com\/opjvttv\" target=\"_blank\" rel=\"noopener\"><b>Etole en lin Epice<\/b><\/a> (d\u00e9j\u00e0 vue <a href=\"http:\/\/www.monblogdefille.com\/blog\/boyfriend-de-printemps\" target=\"_blank\"><b>ici<\/b><\/a>)<\/p>\n<p style=\"text-align: center;\"><a href=\"http:\/\/www2.hm.com\/fr_fr\/productpage.0203332001.html\" target=\"_blank\" rel=\"noopener\"><b>Jean H&amp;M<\/b><\/a> (achet\u00e9 la semaine derni\u00e8re, rayon grandes tailles)<\/p>\n<p style=\"text-align: center;\"><a href=\"http:\/\/tidd.ly\/5e3b68a4\" target=\"_blank\" rel=\"noopener\"><b>Baskets Ash<\/b><\/a><\/p>\n<p style=\"text-align: center;\"><a href=\"http:\/\/tidd.ly\/22f1e38\" target=\"_blank\" rel=\"noopener\"><b>Sac Mellow Yellow<\/b><\/a><\/p>\n<p style=\"text-align: center;\"><a href=\"http:\/\/tinyurl.com\/zdw94n4\" target=\"_blank\" rel=\"noopener\"><b>Vernis Dior Aventure<\/b><\/a><\/p>\n<p style=\"text-align: center;\"><a href=\"http:\/\/tidd.ly\/a50b4c4a\" target=\"_blank\" rel=\"noopener\"><strong>Rouge \u00e0 l\u00e8vres Dior Addict Fluid Stick 338 Mirage<\/strong><\/a><\/p>\n<p style=\"text-align: center;\">M\u00e9daille et bague anciennes<\/p>\n<p style=\"text-align: center;\"><em>Merci <a href=\"http:\/\/www.styledotboy.com\/\" target=\"_blank\" rel=\"noopener\"><b>Rapha\u00ebl<\/b> <\/a>pour les photos !<\/em><\/p>\n","protected":false},"excerpt":{"rendered":"<p><a href=\"http:\/\/www.monblogdefille.com\/blog\/wp-content\/uploads\/2014\/04\/sous-la-colonnade-093.jpg\"><img loading=\"lazy\" decoding=\"async\" class=\"alignnone size-full wp-image-148105\" alt=\"sous la colonnade 093\" src=\"http:\/\/www.monblogdefille.com\/blog\/wp-content\/uploads\/2014\/04\/sous-la-colonnade-093.jpg\" width=\"700\" height=\"763\" srcset=\"https:\/\/www.monblogdefille.com\/blog\/wp-content\/uploads\/2014\/04\/sous-la-colonnade-093.jpg 700w, https:\/\/www.monblogdefille.com\/blog\/wp-content\/uploads\/2014\/04\/sous-la-colonnade-093-275x300.jpg 275w\" sizes=\"auto, (max-width: 700px) 100vw, 700px\" \/><\/a><\/p>\n","protected":false},"author":3,"featured_media":148105,"comment_status":"open","ping_status":"open","sticky":false,"template":"","format":"standard","meta":{"footnotes":""},"categories":[19927,20177],"tags":[20133],"class_list":["post-148104","post","type-post","status-publish","format-standard","has-post-thumbnail","hentry","category-looks","category-mode","tag-mode"],"_links":{"self":[{"href":"https:\/\/www.monblogdefille.com\/blog\/wp-json\/wp\/v2\/posts\/148104","targetHints":{"allow":["GET"]}}],"collection":[{"href":"https:\/\/www.monblogdefille.com\/blog\/wp-json\/wp\/v2\/posts"}],"about":[{"href":"https:\/\/www.monblogdefille.com\/blog\/wp-json\/wp\/v2\/types\/post"}],"author":[{"embeddable":true,"href":"https:\/\/www.monblogdefille.com\/blog\/wp-json\/wp\/v2\/users\/3"}],"replies":[{"embeddable":true,"href":"https:\/\/www.monblogdefille.com\/blog\/wp-json\/wp\/v2\/comments?post=148104"}],"version-history":[{"count":0,"href":"https:\/\/www.monblogdefille.com\/blog\/wp-json\/wp\/v2\/posts\/148104\/revisions"}],"wp:featuredmedia":[{"embeddable":true,"href":"https:\/\/www.monblogdefille.com\/blog\/wp-json\/wp\/v2\/media\/148105"}],"wp:attachment":[{"href":"https:\/\/www.monblogdefille.com\/blog\/wp-json\/wp\/v2\/media?parent=148104"}],"wp:term":[{"taxonomy":"category","embeddable":true,"href":"https:\/\/www.monblogdefille.com\/blog\/wp-json\/wp\/v2\/categories?post=148104"},{"taxonomy":"post_tag","embeddable":true,"href":"https:\/\/www.monblogdefille.com\/blog\/wp-json\/wp\/v2\/tags?post=148104"}],"curies":[{"name":"wp","href":"https:\/\/api.w.org\/{rel}","templated":true}]}}