{"id":147965,"date":"2014-04-07T09:01:39","date_gmt":"2014-04-07T07:01:39","guid":{"rendered":"http:\/\/www.monblogdefille.com\/blog\/?p=147965"},"modified":"2017-01-09T16:26:36","modified_gmt":"2017-01-09T15:26:36","slug":"manteau-leger","status":"publish","type":"post","link":"https:\/\/www.monblogdefille.com\/blog\/manteau-leger\/","title":{"rendered":"Manteau l\u00e9ger"},"content":{"rendered":"<p><a href=\"http:\/\/www.monblogdefille.com\/blog\/wp-content\/uploads\/2014\/04\/manteau-l\u00e9ger-asos-018.jpg\"><img loading=\"lazy\" decoding=\"async\" class=\"alignnone size-full wp-image-147966\" src=\"http:\/\/www.monblogdefille.com\/blog\/wp-content\/uploads\/2014\/04\/manteau-l\u00e9ger-asos-018.jpg\" alt=\"manteau l\u00e9ger asos 018\" width=\"700\" height=\"993\" srcset=\"https:\/\/www.monblogdefille.com\/blog\/wp-content\/uploads\/2014\/04\/manteau-l\u00e9ger-asos-018.jpg 700w, https:\/\/www.monblogdefille.com\/blog\/wp-content\/uploads\/2014\/04\/manteau-l\u00e9ger-asos-018-211x300.jpg 211w\" sizes=\"auto, (max-width: 700px) 100vw, 700px\" \/><\/a><\/p>\n<p>J&rsquo;ai toujours eu envie d&rsquo;un manteau de printemps ou d&rsquo;\u00e9t\u00e9 mais jusqu&rsquo;ici je n&rsquo;avais jamais trouv\u00e9 mon bonheur (ou alors je n&rsquo;avais pas cherch\u00e9 aux bons endroits).<\/p>\n<p>Celui-ci est absolument parfait, je l&rsquo;adore ! Aussi confort et pratique qu&rsquo;un gilet mais plus \u00e9l\u00e9gant, plus chic qu&rsquo;un perfecto les jours o\u00f9 on n&rsquo;a pas envie d&rsquo;\u00eatre rock, et il donne de l&rsquo;allure \u00e0 une tenue super basique (jean + tee shirt).<\/p>\n<p>J&rsquo;ai fait des essais de coupe sauvage de jean mais \u00e7a n&rsquo;a pas du tout donn\u00e9 ce que je voulais (= des franges dans le bas &#8211; hey, laissez ma inner hippie s&rsquo;exprimer de temps en temps ;-) ; Rapha\u00ebl m&rsquo;avait pr\u00e9venu que \u00e7a ne marchait pas avec toutes les mati\u00e8res, il avait raison. C&rsquo;est pas grave, je trouve \u00e7a marrant quand m\u00eame et \u00e7a casse le c\u00f4t\u00e9 un peu dame du reste.<\/p>\n<p><a href=\"http:\/\/www.monblogdefille.com\/blog\/wp-content\/uploads\/2014\/04\/manteau-l\u00e9ger-asos-014.jpg\"><img loading=\"lazy\" decoding=\"async\" class=\"alignnone size-full wp-image-147967\" src=\"http:\/\/www.monblogdefille.com\/blog\/wp-content\/uploads\/2014\/04\/manteau-l\u00e9ger-asos-014.jpg\" alt=\"manteau l\u00e9ger asos 014\" width=\"700\" height=\"795\" srcset=\"https:\/\/www.monblogdefille.com\/blog\/wp-content\/uploads\/2014\/04\/manteau-l\u00e9ger-asos-014.jpg 700w, https:\/\/www.monblogdefille.com\/blog\/wp-content\/uploads\/2014\/04\/manteau-l\u00e9ger-asos-014-264x300.jpg 264w\" sizes=\"auto, (max-width: 700px) 100vw, 700px\" \/><\/a><\/p>\n<p><a href=\"http:\/\/www.monblogdefille.com\/blog\/wp-content\/uploads\/2014\/04\/manteau-l\u00e9ger-asos-007.jpg\"><img loading=\"lazy\" decoding=\"async\" class=\"alignnone size-full wp-image-147968\" src=\"http:\/\/www.monblogdefille.com\/blog\/wp-content\/uploads\/2014\/04\/manteau-l\u00e9ger-asos-007.jpg\" alt=\"manteau l\u00e9ger asos 007\" width=\"700\" height=\"1104\" srcset=\"https:\/\/www.monblogdefille.com\/blog\/wp-content\/uploads\/2014\/04\/manteau-l\u00e9ger-asos-007.jpg 700w, https:\/\/www.monblogdefille.com\/blog\/wp-content\/uploads\/2014\/04\/manteau-l\u00e9ger-asos-007-190x300.jpg 190w, https:\/\/www.monblogdefille.com\/blog\/wp-content\/uploads\/2014\/04\/manteau-l\u00e9ger-asos-007-649x1024.jpg 649w\" sizes=\"auto, (max-width: 700px) 100vw, 700px\" \/><\/a><\/p>\n<p><a href=\"http:\/\/www.monblogdefille.com\/blog\/wp-content\/uploads\/2014\/04\/manteau-l\u00e9ger-asos-042.jpg\"><img loading=\"lazy\" decoding=\"async\" class=\"alignnone size-full wp-image-147969\" src=\"http:\/\/www.monblogdefille.com\/blog\/wp-content\/uploads\/2014\/04\/manteau-l\u00e9ger-asos-042.jpg\" alt=\"manteau l\u00e9ger asos 042\" width=\"700\" height=\"490\" srcset=\"https:\/\/www.monblogdefille.com\/blog\/wp-content\/uploads\/2014\/04\/manteau-l\u00e9ger-asos-042.jpg 700w, https:\/\/www.monblogdefille.com\/blog\/wp-content\/uploads\/2014\/04\/manteau-l\u00e9ger-asos-042-300x210.jpg 300w\" sizes=\"auto, (max-width: 700px) 100vw, 700px\" \/><\/a><\/p>\n<p><a href=\"http:\/\/www.monblogdefille.com\/blog\/wp-content\/uploads\/2014\/04\/manteau-l\u00e9ger-asos-010.jpg\"><img loading=\"lazy\" decoding=\"async\" class=\"alignnone size-full wp-image-147970\" src=\"http:\/\/www.monblogdefille.com\/blog\/wp-content\/uploads\/2014\/04\/manteau-l\u00e9ger-asos-010.jpg\" alt=\"manteau l\u00e9ger asos 010\" width=\"700\" height=\"1086\" srcset=\"https:\/\/www.monblogdefille.com\/blog\/wp-content\/uploads\/2014\/04\/manteau-l\u00e9ger-asos-010.jpg 700w, https:\/\/www.monblogdefille.com\/blog\/wp-content\/uploads\/2014\/04\/manteau-l\u00e9ger-asos-010-193x300.jpg 193w, https:\/\/www.monblogdefille.com\/blog\/wp-content\/uploads\/2014\/04\/manteau-l\u00e9ger-asos-010-660x1024.jpg 660w\" sizes=\"auto, (max-width: 700px) 100vw, 700px\" \/><\/a><\/p>\n<p><a href=\"http:\/\/www.monblogdefille.com\/blog\/wp-content\/uploads\/2014\/04\/manteau-l\u00e9ger-asos-044.jpg\"><img loading=\"lazy\" decoding=\"async\" class=\"alignnone size-full wp-image-147971\" src=\"http:\/\/www.monblogdefille.com\/blog\/wp-content\/uploads\/2014\/04\/manteau-l\u00e9ger-asos-044.jpg\" alt=\"manteau l\u00e9ger asos 044\" width=\"700\" height=\"553\" srcset=\"https:\/\/www.monblogdefille.com\/blog\/wp-content\/uploads\/2014\/04\/manteau-l\u00e9ger-asos-044.jpg 700w, https:\/\/www.monblogdefille.com\/blog\/wp-content\/uploads\/2014\/04\/manteau-l\u00e9ger-asos-044-300x237.jpg 300w\" sizes=\"auto, (max-width: 700px) 100vw, 700px\" \/><\/a><\/p>\n<p><a href=\"http:\/\/www.monblogdefille.com\/blog\/wp-content\/uploads\/2014\/04\/manteau-l\u00e9ger-asos-034.jpg\"><img loading=\"lazy\" decoding=\"async\" class=\"alignnone size-full wp-image-147972\" src=\"http:\/\/www.monblogdefille.com\/blog\/wp-content\/uploads\/2014\/04\/manteau-l\u00e9ger-asos-034.jpg\" alt=\"manteau l\u00e9ger asos 034\" width=\"700\" height=\"533\" srcset=\"https:\/\/www.monblogdefille.com\/blog\/wp-content\/uploads\/2014\/04\/manteau-l\u00e9ger-asos-034.jpg 700w, https:\/\/www.monblogdefille.com\/blog\/wp-content\/uploads\/2014\/04\/manteau-l\u00e9ger-asos-034-300x228.jpg 300w\" sizes=\"auto, (max-width: 700px) 100vw, 700px\" \/><\/a><\/p>\n<p style=\"text-align: center;\"><a href=\"http:\/\/tinyurl.com\/oardhr6\" target=\"_blank\" rel=\"noopener\"><b>Manteau Asos<\/b><\/a> (taille pile normalement)<\/p>\n<p style=\"text-align: center;\">Vieux jean coup\u00e9-loup\u00e9, j&rsquo;aurais mieux fait d&rsquo;acheter directement <a href=\"http:\/\/tinyurl.com\/nfbooha\" target=\"_blank\" rel=\"noopener\"><b>celui-l\u00e0<\/b><\/a> qui est parfait<br \/>\n(Ridley, toujours une valeur s\u00fbre)<\/p>\n<p style=\"text-align: center;\"><b>Tee-shirt H&amp;M<\/b> (pas trouv\u00e9 sur le site, ce sont ceux en coton tout b\u00eates vendus par deux pour 10 balles)<\/p>\n<p style=\"text-align: center;\"><a href=\"http:\/\/tinyurl.com\/pjzvhex\" target=\"_blank\" rel=\"noopener\"><b>Boots Janet &amp; Janet<\/b>\u00a0<\/a><\/p>\n<p style=\"text-align: center;\"><b>Sac Banana Republic <\/b>(achet\u00e9 en d\u00e9cembre)<\/p>\n<p style=\"text-align: center;\"><b>Collier Asos<\/b> (ann\u00e9e derni\u00e8re. J&rsquo;ai cherch\u00e9 des \u00e9quivalents sur le site mais il n&rsquo;y en a pas en ce moment)<\/p>\n<p style=\"text-align: center;\"><a href=\"http:\/\/bit.ly\/2j8W6DO\" target=\"_blank\" rel=\"noopener\"><strong>Lunettes Ray Ban<\/strong><\/a><\/p>\n<p style=\"text-align: center;\">Bague ancienne et <a href=\"http:\/\/bit.ly\/XTibHx\" target=\"_blank\" rel=\"noopener\"><b>bague Gemmyo<\/b> <\/a><\/p>\n<p style=\"text-align: center;\"><a href=\"http:\/\/tinyurl.com\/zdw94n4\" target=\"_blank\" rel=\"noopener\"><strong>Vernis Dior Gr\u00e8ge<\/strong><\/a><\/p>\n<p style=\"text-align: center;\"><em>Merci <a href=\"http:\/\/constellationart.wordpress.com\/\" target=\"_blank\" rel=\"noopener\"><b>Sylvaine<\/b> <\/a>pour les photos !<\/em><\/p>\n","protected":false},"excerpt":{"rendered":"<p><a href=\"http:\/\/www.monblogdefille.com\/blog\/wp-content\/uploads\/2014\/04\/manteau-l\u00e9ger-asos-018.jpg\"><img loading=\"lazy\" decoding=\"async\" class=\"alignnone size-full wp-image-147966\" alt=\"manteau l\u00e9ger asos 018\" src=\"http:\/\/www.monblogdefille.com\/blog\/wp-content\/uploads\/2014\/04\/manteau-l\u00e9ger-asos-018.jpg\" width=\"700\" height=\"993\" srcset=\"https:\/\/www.monblogdefille.com\/blog\/wp-content\/uploads\/2014\/04\/manteau-l\u00e9ger-asos-018.jpg 700w, https:\/\/www.monblogdefille.com\/blog\/wp-content\/uploads\/2014\/04\/manteau-l\u00e9ger-asos-018-211x300.jpg 211w\" sizes=\"auto, (max-width: 700px) 100vw, 700px\" \/><\/a><\/p>\n","protected":false},"author":3,"featured_media":147966,"comment_status":"open","ping_status":"open","sticky":false,"template":"","format":"standard","meta":{"footnotes":""},"categories":[19927,20177],"tags":[20133],"class_list":["post-147965","post","type-post","status-publish","format-standard","has-post-thumbnail","hentry","category-looks","category-mode","tag-mode"],"_links":{"self":[{"href":"https:\/\/www.monblogdefille.com\/blog\/wp-json\/wp\/v2\/posts\/147965","targetHints":{"allow":["GET"]}}],"collection":[{"href":"https:\/\/www.monblogdefille.com\/blog\/wp-json\/wp\/v2\/posts"}],"about":[{"href":"https:\/\/www.monblogdefille.com\/blog\/wp-json\/wp\/v2\/types\/post"}],"author":[{"embeddable":true,"href":"https:\/\/www.monblogdefille.com\/blog\/wp-json\/wp\/v2\/users\/3"}],"replies":[{"embeddable":true,"href":"https:\/\/www.monblogdefille.com\/blog\/wp-json\/wp\/v2\/comments?post=147965"}],"version-history":[{"count":0,"href":"https:\/\/www.monblogdefille.com\/blog\/wp-json\/wp\/v2\/posts\/147965\/revisions"}],"wp:featuredmedia":[{"embeddable":true,"href":"https:\/\/www.monblogdefille.com\/blog\/wp-json\/wp\/v2\/media\/147966"}],"wp:attachment":[{"href":"https:\/\/www.monblogdefille.com\/blog\/wp-json\/wp\/v2\/media?parent=147965"}],"wp:term":[{"taxonomy":"category","embeddable":true,"href":"https:\/\/www.monblogdefille.com\/blog\/wp-json\/wp\/v2\/categories?post=147965"},{"taxonomy":"post_tag","embeddable":true,"href":"https:\/\/www.monblogdefille.com\/blog\/wp-json\/wp\/v2\/tags?post=147965"}],"curies":[{"name":"wp","href":"https:\/\/api.w.org\/{rel}","templated":true}]}}