{"id":147920,"date":"2014-04-02T09:08:24","date_gmt":"2014-04-02T07:08:24","guid":{"rendered":"http:\/\/www.monblogdefille.com\/blog\/?p=147920"},"modified":"2014-04-06T12:48:22","modified_gmt":"2014-04-06T10:48:22","slug":"recourbe-cils-et-mascara","status":"publish","type":"post","link":"https:\/\/www.monblogdefille.com\/blog\/recourbe-cils-et-mascara\/","title":{"rendered":"Recourbe cils et mascara"},"content":{"rendered":"<p>[youtube]http:\/\/youtu.be\/4E3EhN1l05U[\/youtube]<\/p>\n<p style=\"text-align: center;\"><em><strong>*** -20% chez <a href=\"http:\/\/tidd.ly\/5e9f7d81\" target=\"_blank\" rel=\"noopener\">Sephora<\/a> avec les codes SPRING et WHIS3 jusqu&rsquo;au 7 avril***<\/strong><\/em><\/p>\n<p style=\"text-align: center;\"><strong><a href=\"http:\/\/tinyurl.com\/brkrs7b\" target=\"_blank\" rel=\"noopener\">Recourbe-cils MAC<\/a>\u00a0<\/strong> (erreur de ma part : ils les vendent d\u00e9sormais avec un boudin de rechange)<\/p>\n<p style=\"text-align: center;\"><a href=\"http:\/\/tinyurl.com\/zm9qvsy\" target=\"_blank\" rel=\"noopener\"><strong>Mascara Flawless Definition Bare Minerals<\/strong><\/a> en waterproof<\/p>\n<p style=\"text-align: center;\"><a href=\"http:\/\/tinyurl.com\/gwws74g\" target=\"_blank\" rel=\"noopener\"><strong>Bottom Lash Mascara Clinique<\/strong><\/a><\/p>\n<p>Je porte une marini\u00e8re achet\u00e9e l&rsquo;ann\u00e9e derni\u00e8re dans une coop\u00e9rative bretonne, et le <a href=\"http:\/\/tinyurl.com\/zdw94n4\" target=\"_blank\" rel=\"noopener\"><b>vernis Dior Gr\u00e8ge<\/b><\/a>.<\/p>\n","protected":false},"excerpt":{"rendered":"<p><strong>POUR VOIR LA VIDEO RECOURBE CILS ET MASCARA,<a href= \"http:\/\/www.monblogdefille.com\/blog\/recourbe-cils-et-mascara\" target=\"_self\"> CLIQUEZ ICI<\/a><\/strong><\/p>\n<p><a href=\"http:\/\/www.monblogdefille.com\/blog\/wp-content\/uploads\/2014\/04\/recourbe-cils-et-mascara-2.jpg\"><img loading=\"lazy\" decoding=\"async\" class=\"alignnone size-full wp-image-147921\" alt=\"recourbe cils et mascara 2\" src=\"http:\/\/www.monblogdefille.com\/blog\/wp-content\/uploads\/2014\/04\/recourbe-cils-et-mascara-2.jpg\" width=\"700\" height=\"846\" srcset=\"https:\/\/www.monblogdefille.com\/blog\/wp-content\/uploads\/2014\/04\/recourbe-cils-et-mascara-2.jpg 700w, https:\/\/www.monblogdefille.com\/blog\/wp-content\/uploads\/2014\/04\/recourbe-cils-et-mascara-2-248x300.jpg 248w\" sizes=\"auto, (max-width: 700px) 100vw, 700px\" \/><\/a><\/p>\n","protected":false},"author":3,"featured_media":147921,"comment_status":"open","ping_status":"open","sticky":false,"template":"","format":"standard","meta":{"footnotes":""},"categories":[20030,19978],"tags":[19952],"class_list":["post-147920","post","type-post","status-publish","format-standard","has-post-thumbnail","hentry","category-teint-et-divers","category-videos","tag-mascara"],"_links":{"self":[{"href":"https:\/\/www.monblogdefille.com\/blog\/wp-json\/wp\/v2\/posts\/147920","targetHints":{"allow":["GET"]}}],"collection":[{"href":"https:\/\/www.monblogdefille.com\/blog\/wp-json\/wp\/v2\/posts"}],"about":[{"href":"https:\/\/www.monblogdefille.com\/blog\/wp-json\/wp\/v2\/types\/post"}],"author":[{"embeddable":true,"href":"https:\/\/www.monblogdefille.com\/blog\/wp-json\/wp\/v2\/users\/3"}],"replies":[{"embeddable":true,"href":"https:\/\/www.monblogdefille.com\/blog\/wp-json\/wp\/v2\/comments?post=147920"}],"version-history":[{"count":0,"href":"https:\/\/www.monblogdefille.com\/blog\/wp-json\/wp\/v2\/posts\/147920\/revisions"}],"wp:featuredmedia":[{"embeddable":true,"href":"https:\/\/www.monblogdefille.com\/blog\/wp-json\/wp\/v2\/media\/147921"}],"wp:attachment":[{"href":"https:\/\/www.monblogdefille.com\/blog\/wp-json\/wp\/v2\/media?parent=147920"}],"wp:term":[{"taxonomy":"category","embeddable":true,"href":"https:\/\/www.monblogdefille.com\/blog\/wp-json\/wp\/v2\/categories?post=147920"},{"taxonomy":"post_tag","embeddable":true,"href":"https:\/\/www.monblogdefille.com\/blog\/wp-json\/wp\/v2\/tags?post=147920"}],"curies":[{"name":"wp","href":"https:\/\/api.w.org\/{rel}","templated":true}]}}