{"id":147818,"date":"2014-03-24T09:36:47","date_gmt":"2014-03-24T08:36:47","guid":{"rendered":"http:\/\/www.monblogdefille.com\/blog\/?p=147818"},"modified":"2014-03-23T17:09:27","modified_gmt":"2014-03-23T16:09:27","slug":"coiffeur-a-grenoble-pour-lulubeaute","status":"publish","type":"post","link":"https:\/\/www.monblogdefille.com\/blog\/coiffeur-a-grenoble-pour-lulubeaute\/","title":{"rendered":"Coiffeur \u00e0 Grenoble pour LuluBeaut\u00e9"},"content":{"rendered":"<p>\u00ab\u00a0Bonjour \u00e0 toutes et \u00e0 tous !<\/p>\n<p>J&rsquo;ai les cheveux ch\u00e2tains clairs et les yeux clairs, je ne me teins pas actuellement, mais je veux franchir le pas avec une couleur de base un peu plus fonc\u00e9e, mais \u00e9galement qui donne de la lumi\u00e8re \u00e0 mon visage !<br \/>\nJ&rsquo;ai 28 ans et une douzaine de cheveux blancs qui ne se voient pas encore trop mais qui me d\u00e9priment d\u00e9j\u00e0. :(<\/p>\n<p>Je cherche donc un coiffeur qui s&rsquo;y connaisse vraiment en couleurs de cheveux, qui puisse me conseiller et me proposer un truc vraiment adapt\u00e9, le tout dans un budget raisonnable, si possible !<\/p>\n<p>Je cherche \u00e0 Grenoble Centre principalement.<\/p>\n<p>Merci d&rsquo;avance !<\/p>\n<p>Sign\u00e9 : LuluBeaut\u00e9\u00a0\u00bb<\/p>\n","protected":false},"excerpt":{"rendered":"<p><img loading=\"lazy\" decoding=\"async\" class=\"alignnone size-full wp-image-123889\" title=\"wanted3\" src=\"http:\/\/www.monblogdefille.com\/blog\/wp-content\/uploads\/2008\/03\/wanted3.jpg\" alt=\"wanted3\" width=\"166\" height=\"200\" \/><\/p>\n","protected":false},"author":3,"featured_media":0,"comment_status":"open","ping_status":"open","sticky":false,"template":"","format":"standard","meta":{"footnotes":""},"categories":[20009,20095,1502],"tags":[19946],"class_list":["post-147818","post","type-post","status-publish","format-standard","hentry","category-beaute","category-les-cheveux","category-wanted","tag-cheveux"],"_links":{"self":[{"href":"https:\/\/www.monblogdefille.com\/blog\/wp-json\/wp\/v2\/posts\/147818","targetHints":{"allow":["GET"]}}],"collection":[{"href":"https:\/\/www.monblogdefille.com\/blog\/wp-json\/wp\/v2\/posts"}],"about":[{"href":"https:\/\/www.monblogdefille.com\/blog\/wp-json\/wp\/v2\/types\/post"}],"author":[{"embeddable":true,"href":"https:\/\/www.monblogdefille.com\/blog\/wp-json\/wp\/v2\/users\/3"}],"replies":[{"embeddable":true,"href":"https:\/\/www.monblogdefille.com\/blog\/wp-json\/wp\/v2\/comments?post=147818"}],"version-history":[{"count":0,"href":"https:\/\/www.monblogdefille.com\/blog\/wp-json\/wp\/v2\/posts\/147818\/revisions"}],"wp:attachment":[{"href":"https:\/\/www.monblogdefille.com\/blog\/wp-json\/wp\/v2\/media?parent=147818"}],"wp:term":[{"taxonomy":"category","embeddable":true,"href":"https:\/\/www.monblogdefille.com\/blog\/wp-json\/wp\/v2\/categories?post=147818"},{"taxonomy":"post_tag","embeddable":true,"href":"https:\/\/www.monblogdefille.com\/blog\/wp-json\/wp\/v2\/tags?post=147818"}],"curies":[{"name":"wp","href":"https:\/\/api.w.org\/{rel}","templated":true}]}}