{"id":147334,"date":"2014-02-13T09:01:34","date_gmt":"2014-02-13T08:01:34","guid":{"rendered":"http:\/\/www.monblogdefille.com\/blog\/?p=147334"},"modified":"2016-08-15T19:51:34","modified_gmt":"2016-08-15T17:51:34","slug":"la-couleur-du-manteau","status":"publish","type":"post","link":"https:\/\/www.monblogdefille.com\/blog\/la-couleur-du-manteau\/","title":{"rendered":"La couleur du manteau"},"content":{"rendered":"<p><a href=\"http:\/\/www.monblogdefille.com\/blog\/wp-content\/uploads\/2014\/02\/couleur-manteau.jpg\"><img loading=\"lazy\" decoding=\"async\" class=\"alignnone size-full wp-image-147335\" alt=\"couleur manteau\" src=\"http:\/\/www.monblogdefille.com\/blog\/wp-content\/uploads\/2014\/02\/couleur-manteau.jpg\" width=\"700\" height=\"464\" srcset=\"https:\/\/www.monblogdefille.com\/blog\/wp-content\/uploads\/2014\/02\/couleur-manteau.jpg 700w, https:\/\/www.monblogdefille.com\/blog\/wp-content\/uploads\/2014\/02\/couleur-manteau-300x199.jpg 300w\" sizes=\"auto, (max-width: 700px) 100vw, 700px\" \/><\/a><\/p>\n<p>Vous savez quoi ? Je n&rsquo;ai pas de manteau noir (non <a href=\"http:\/\/www.monblogdefille.com\/blog\/blanche-neige-cest-toi\" target=\"_blank\"><b>celui-ci<\/b><\/a> ne compte pas, je ne pense jamais \u00e0 le mettre).<\/p>\n<p>Ca doit faire vingt ans que je n&rsquo;ai pas eu de truc chaud (manteau, parka, doudoune, whatever) noir. J&rsquo;ai des vestes en cuir noir, mais ce ne sont pas des manteaux (et je les porte 15 jours par an vu le climat d\u00e9licieux qu&rsquo;on se cogne ici \u00e0 Paris&#8230;).<\/p>\n<p>Tous mes trucs chauds sont kaki ou camel, \u00e0 peu pr\u00e8s. Parce que j&rsquo;adore ces couleurs et que je ne pense jamais au noir quand je regarde les manteaux. A vrai dire je n&rsquo;y pense jamais d&rsquo;une mani\u00e8re g\u00e9n\u00e9rale quand je suis dans une boutique. Je vais, en pilote automatique et l&rsquo;oeil au bord de l&rsquo;orgasme, vers le rayon \u00ab\u00a0camel et nude\u00a0\u00bb, puis le rayon \u00ab\u00a0kaki\u00a0\u00bb, puis le rayon \u00ab\u00a0gris\u00a0\u00bb (\u00e7a vous laisse imaginer ma d\u00e9tresse quand on se trouve, \u00e0 partir du 25 ao\u00fbt, avec plein de rayons \u00ab\u00a0bordeaux\u00a0\u00bb, \u00e7a me fait compl\u00e8tement flipper).<\/p>\n<p>Ca m&rsquo;a frapp\u00e9e l&rsquo;autre jour, je regardais les gens sortir des entreprises \u00e0 l&rsquo;heure du d\u00e9jeuner en bandes de salari\u00e9s, ils avaient tous de manteaux noirs. J&rsquo;ai trouv\u00e9 que \u00e7a manquait d&rsquo;imagination, tout \u00e7a ; mais peut-\u00eatre que j&rsquo;ai tort, peut-\u00eatre que juste les gens aiment porter du noir. \u00a0Contrairement \u00e0 moi qui trouve \u00e7a pas du tout int\u00e9ressant. En tout cas pour un manteau. Pour un pantalon ou un pull (ou des chaussures, oeuf corse) \u00e7a me semble plus \u00e9vident. Mais un manteau noir ? Arhhh, je trouve \u00e7a chiant, il n&rsquo;y a rien \u00e0 faire ;-)<\/p>\n<p>J&rsquo;ach\u00e8terais bien plus facilement un manteau cr\u00e8me qu&rsquo;un manteau noir. Le noir \u00e7a va avec tout ? Ben le cr\u00e8me aussi. Et le camel aussi, et pareil pour le kaki ;-) Enfin quand comme moi on n&rsquo;aime que les couleurs neutres, c&rsquo;est pas compliqu\u00e9, tout va ensemble. Donc pas besoin de noir ;-)<\/p>\n<p>(je vous raconte tout \u00e7a et si \u00e7a se trouve dans deux jours je vais tomber en p\u00e2moison devant un manteau noir et toute ma th\u00e9orie sera par terre) (mais \u00e7a m&rsquo;\u00e9tonnerait, depuis des ann\u00e9es les seuls manteaux qui me font r\u00eaver sont les camels de Max Mara ;-).<\/p>\n<p><strong>PS de gauche \u00e0 droite :<\/strong> manteau en fausse fourrure d\u00e9j\u00e0 vu <a href=\"http:\/\/www.monblogdefille.com\/blog\/casualiser-la-fausse-fourrure\" target=\"_blank\"><strong>ici<\/strong><\/a>, parka d\u00e9j\u00e0 vue <a href=\"http:\/\/www.monblogdefille.com\/blog\/blanc-dhiver\" target=\"_blank\"><strong>ici<\/strong><\/a>, pardessus d\u00e9j\u00e0 vu <a href=\"http:\/\/www.monblogdefille.com\/blog\/pardessus\" target=\"_blank\"><strong>ici<\/strong> <\/a>et <a href=\"http:\/\/www.monblogdefille.com\/blog\/cuir-video-de-look-inside\" target=\"_blank\"><strong>ici<\/strong><\/a>, parka d\u00e9j\u00e0 vue <a href=\"http:\/\/www.monblogdefille.com\/blog\/saison-parkas\" target=\"_blank\"><strong>ici<\/strong><\/a>.<\/p>\n","protected":false},"excerpt":{"rendered":"<p><a href=\"http:\/\/www.monblogdefille.com\/blog\/wp-content\/uploads\/2014\/02\/couleur-manteau.jpg\"><img loading=\"lazy\" decoding=\"async\" class=\"alignnone size-full wp-image-147335\" alt=\"couleur manteau\" src=\"http:\/\/www.monblogdefille.com\/blog\/wp-content\/uploads\/2014\/02\/couleur-manteau.jpg\" width=\"700\" height=\"464\" srcset=\"https:\/\/www.monblogdefille.com\/blog\/wp-content\/uploads\/2014\/02\/couleur-manteau.jpg 700w, https:\/\/www.monblogdefille.com\/blog\/wp-content\/uploads\/2014\/02\/couleur-manteau-300x199.jpg 300w\" sizes=\"auto, (max-width: 700px) 100vw, 700px\" \/><\/a><\/p>\n","protected":false},"author":3,"featured_media":147335,"comment_status":"open","ping_status":"open","sticky":false,"template":"","format":"standard","meta":{"footnotes":""},"categories":[20177],"tags":[20133],"class_list":["post-147334","post","type-post","status-publish","format-standard","has-post-thumbnail","hentry","category-mode","tag-mode"],"_links":{"self":[{"href":"https:\/\/www.monblogdefille.com\/blog\/wp-json\/wp\/v2\/posts\/147334","targetHints":{"allow":["GET"]}}],"collection":[{"href":"https:\/\/www.monblogdefille.com\/blog\/wp-json\/wp\/v2\/posts"}],"about":[{"href":"https:\/\/www.monblogdefille.com\/blog\/wp-json\/wp\/v2\/types\/post"}],"author":[{"embeddable":true,"href":"https:\/\/www.monblogdefille.com\/blog\/wp-json\/wp\/v2\/users\/3"}],"replies":[{"embeddable":true,"href":"https:\/\/www.monblogdefille.com\/blog\/wp-json\/wp\/v2\/comments?post=147334"}],"version-history":[{"count":0,"href":"https:\/\/www.monblogdefille.com\/blog\/wp-json\/wp\/v2\/posts\/147334\/revisions"}],"wp:featuredmedia":[{"embeddable":true,"href":"https:\/\/www.monblogdefille.com\/blog\/wp-json\/wp\/v2\/media\/147335"}],"wp:attachment":[{"href":"https:\/\/www.monblogdefille.com\/blog\/wp-json\/wp\/v2\/media?parent=147334"}],"wp:term":[{"taxonomy":"category","embeddable":true,"href":"https:\/\/www.monblogdefille.com\/blog\/wp-json\/wp\/v2\/categories?post=147334"},{"taxonomy":"post_tag","embeddable":true,"href":"https:\/\/www.monblogdefille.com\/blog\/wp-json\/wp\/v2\/tags?post=147334"}],"curies":[{"name":"wp","href":"https:\/\/api.w.org\/{rel}","templated":true}]}}