{"id":147218,"date":"2014-02-02T09:33:15","date_gmt":"2014-02-02T08:33:15","guid":{"rendered":"http:\/\/www.monblogdefille.com\/blog\/?p=147218"},"modified":"2016-08-15T19:51:51","modified_gmt":"2016-08-15T17:51:51","slug":"decouvertes-et-favoris-janvier-2014","status":"publish","type":"post","link":"https:\/\/www.monblogdefille.com\/blog\/decouvertes-et-favoris-janvier-2014\/","title":{"rendered":"D\u00e9couvertes et favoris &#8211; janvier 2014"},"content":{"rendered":"<p style=\"text-align: left;\">[youtube]http:\/\/youtu.be\/9tceF23JzaE[\/youtube]<\/p>\n<p style=\"text-align: center;\"><em><strong>*** -20% chez <a href=\"http:\/\/tidd.ly\/5e9f7d81\" target=\"_blank\" rel=\"noopener\">Sephora<\/a> avec le code EMASG jusqu&rsquo;au 17 f\u00e9vrier ***<\/strong><\/em><\/p>\n<p style=\"text-align: center;\"><a href=\"http:\/\/tidd.ly\/5e9f7d81\" target=\"_blank\" rel=\"noopener\"><b>Eyeliner waterproof round the clock Bare Minerals<\/b><\/a> en Midnight<\/p>\n<p style=\"text-align: center;\"><b>Palette yeux NARSissist<\/b> (Sephora aura bien les 2 palettes, en ligne et en boutiques.<br \/>\nIl faut patienter le temps qu&rsquo;ils les mettent en ligne et les re\u00e7oivent sur les points de vente &#8211; oui je sais, ils auraient d\u00fb les avoir le 1er).<br \/>\nEn revanche la <strong>palette yeux<\/strong> (mais pas celle pour les joues) est aussi vendue au Printemps Haussmann et au Bon March\u00e9, si vous \u00eates parisienne.<br \/>\nEt le site Nars attend un r\u00e9assort (je n&rsquo;ai pas de date pr\u00e9cise).<\/p>\n<p style=\"text-align: center;\"><b>Mascara Intenseyes Dolce &amp; Gabbana<\/b> (en exclu aux Galafs Haussmann)<\/p>\n<p style=\"text-align: center;\"><b>Mascara Maybelline the Rocket<\/b> waterproof (chez Monop)<\/p>\n<p style=\"text-align: center;\"><b><a href=\"http:\/\/tinyurl.com\/gwws74g\" target=\"_blank\" rel=\"noopener\">Bottom Lash mascara Clinique<\/a>\u00a0<\/b><b><\/b><\/p>\n<p style=\"text-align: center;\"><a href=\"http:\/\/tinyurl.com\/oc9po86\" target=\"_blank\" rel=\"noopener\"><b>Brow wizz Anastasia<\/b><\/a> en medium ash<\/p>\n<p style=\"text-align: center;\"><b>Kit sourcils Chanel<\/b> (dans les grands magasins, j&rsquo;esp\u00e8re dans les boutiques Sepho, et chez Chanel rue St Honor\u00e9)<\/p>\n<p style=\"text-align: center;\"><b><a href=\"http:\/\/tinyurl.com\/noee9h7\" target=\"_blank\" rel=\"noopener\">Vernis Clinique <\/a><\/b>27 Peak a Boo et 29 Pajama Party (attention \u00e9dition limit\u00e9e, et sur le site de Clinique ils n&rsquo;ont plus que 2 teintes, le tr\u00e8s clair et le chocolat. Voyez sur les points de vente Clinique des grands magasins, ils en ont encore)<\/p>\n<p style=\"text-align: center;\"><a href=\"http:\/\/tidd.ly\/5e9f7d81\" target=\"_blank\" rel=\"noopener\"><b>Blush Cr\u00e8me HD Make Up Forever<\/b><\/a> en Coral n\u00b0 410 (comme toujours bien mieux swatch\u00e9 et photographi\u00e9 <a href=\"http:\/\/www.temptalia.com\/make-ever-410-hd-blush-review-photos-swatches#more-159036\" target=\"_blank\" rel=\"noopener\"><strong>chez Christine<\/strong> <\/a>;-)<\/p>\n<p style=\"text-align: center;\"><a href=\"http:\/\/tinyurl.com\/z39ul4z\" target=\"_blank\" rel=\"noopener\"><b>Fluide Embelliseur Armani<\/b><\/a> n\u00b0 5 Cherry<\/p>\n<p style=\"text-align: center;\"><a href=\"http:\/\/tidd.ly\/5e9f7d81\" target=\"_blank\" rel=\"noopener\"><b>Fond de teint lissant perfecteur Shiseido<\/b><\/a> red\u00e9couvert, mais port\u00e9 le <a href=\"http:\/\/tinyurl.com\/zayohr6\" target=\"_blank\" rel=\"noopener\"><b>Naturel<\/b><\/a>, toujours en B20 ;-)<\/p>\n<p style=\"text-align: center;\"><a href=\"http:\/\/tidd.ly\/5e9f7d81\" target=\"_blank\" rel=\"noopener\"><b>Shiseido Correcteur de teint soyeux<\/b><\/a> 2B beige naturel clair<\/p>\n<p style=\"text-align: center;\"><b>Stick correcteur Couvrance Av\u00e8ne <\/b>jaune (en pharmacie)<\/p>\n<p style=\"text-align: center;\"><b>The Powder Dolce &amp; Gabbana<\/b> en Natural Glow 2 (en exclu aux Galafs Haussmann)<\/p>\n<p style=\"text-align: center;\"><a href=\"http:\/\/tidd.ly\/5e9f7d81\" target=\"_blank\" rel=\"noopener\"><b>Light Reflecting Setting Powder Nars<\/b> <\/a><\/p>\n<p style=\"text-align: center;\"><a href=\"http:\/\/tinyurl.com\/hzxu45t\" target=\"_blank\" rel=\"noopener\"><b>Les Beiges Chanel<\/b> <\/a><\/p>\n<p style=\"text-align: center;\"><b>Gros Crayon l\u00e8vres Laura Mercier <\/b>en Mayan Sun (<b>points de vente de la marque :<\/b> Bon March\u00e9, Printemps Haussmann, Printemps Parly 2, Printemps Lille, Printemps Lyon, Printemps Nancy, Printemps Marseille, Maison de Beaut\u00e9 Laurent Decreton \u00e0 Metz<b>)<\/b><\/p>\n<p style=\"text-align: center;\"><b>Gros Crayon l\u00e8vres Nars <\/b>en Torres del Paine (au Printemps Haussmann et au Bon March\u00e9, et en mars sur le site de Nars)<\/p>\n<p style=\"text-align: center;\"><a href=\"http:\/\/www.chapelier-fou.com\/49-le-chartreux.html\" target=\"_blank\" rel=\"noopener\"><b>Th\u00e9 vert Earl grey Le Chapelier Fou<\/b> <\/a><\/p>\n<p>Je porte un <a href=\"http:\/\/tinyurl.com\/q9swl3l\" target=\"_blank\" rel=\"noopener\"><b>pull cr\u00e8me River Island<\/b><\/a>, mon \u00e9ternel <a href=\"http:\/\/tidd.ly\/5e9f7d81\" target=\"_blank\" rel=\"noopener\"><b>jean gris<\/b><\/a>, mes <a href=\"http:\/\/tinyurl.com\/oqt9ows\" target=\"_blank\" rel=\"noopener\"><b>New Balance grises<\/b><\/a>, mes <a href=\"http:\/\/tinyurl.com\/z228em5\" target=\"_blank\" rel=\"noopener\"><b>colliers Indie<\/b><\/a>, mes bagues Djula et ma bague ancienne, et donc le vernis Clinique Pajama Party et le gros crayon l\u00e8vres Nars Torres del Paine.<\/p>\n<p><a href=\"http:\/\/www.monblogdefille.com\/blog\/wp-content\/uploads\/2014\/02\/favoris-janvier-2014-1.jpg\"><img loading=\"lazy\" decoding=\"async\" class=\"alignnone size-full wp-image-147219\" alt=\"favoris janvier 2014 1\" src=\"http:\/\/www.monblogdefille.com\/blog\/wp-content\/uploads\/2014\/02\/favoris-janvier-2014-1.jpg\" width=\"700\" height=\"464\" srcset=\"https:\/\/www.monblogdefille.com\/blog\/wp-content\/uploads\/2014\/02\/favoris-janvier-2014-1.jpg 700w, https:\/\/www.monblogdefille.com\/blog\/wp-content\/uploads\/2014\/02\/favoris-janvier-2014-1-300x199.jpg 300w\" sizes=\"auto, (max-width: 700px) 100vw, 700px\" \/><\/a><\/p>\n<p>Retrouvez toutes mes d\u00e9couvertes et\u00a0<a title=\"favoris beaut\u00e9 - Mon Blog de Fille\" href=\"http:\/\/www.monblogdefille.com\/blog\/tag\/favoris\/\">favoris beaut\u00e9<\/a>\u00a0des mois pr\u00e9c\u00e9dents.<\/p>\n","protected":false},"excerpt":{"rendered":"<p><strong>POUR VOIR LA VIDEO DECOUVERTES ET FAVORIS JANVIER 2014,<a href= \"http:\/\/www.monblogdefille.com\/blog\/decouvertes-et-favoris-janvier-2014\" target=\"_self\"> CLIQUEZ ICI<\/a><\/strong><\/p>\n<p><a href=\"http:\/\/www.monblogdefille.com\/blog\/wp-content\/uploads\/2014\/02\/favoris-janvier-2014-3.jpg\"><img loading=\"lazy\" decoding=\"async\" class=\"alignnone size-full wp-image-147220\" alt=\"favoris janvier 2014 3\" src=\"http:\/\/www.monblogdefille.com\/blog\/wp-content\/uploads\/2014\/02\/favoris-janvier-2014-3.jpg\" width=\"700\" height=\"629\" srcset=\"https:\/\/www.monblogdefille.com\/blog\/wp-content\/uploads\/2014\/02\/favoris-janvier-2014-3.jpg 700w, https:\/\/www.monblogdefille.com\/blog\/wp-content\/uploads\/2014\/02\/favoris-janvier-2014-3-300x270.jpg 300w\" sizes=\"auto, (max-width: 700px) 100vw, 700px\" \/><\/a><\/p>\n","protected":false},"author":3,"featured_media":147219,"comment_status":"open","ping_status":"open","sticky":false,"template":"","format":"standard","meta":{"footnotes":""},"categories":[20185,1485,1489,14534,20177,19978],"tags":[20127],"class_list":["post-147218","post","type-post","status-publish","format-standard","has-post-thumbnail","hentry","category-favoris","category-le-maquillage","category-le-soin","category-les-ongles","category-mode","category-videos","tag-favoris"],"_links":{"self":[{"href":"https:\/\/www.monblogdefille.com\/blog\/wp-json\/wp\/v2\/posts\/147218","targetHints":{"allow":["GET"]}}],"collection":[{"href":"https:\/\/www.monblogdefille.com\/blog\/wp-json\/wp\/v2\/posts"}],"about":[{"href":"https:\/\/www.monblogdefille.com\/blog\/wp-json\/wp\/v2\/types\/post"}],"author":[{"embeddable":true,"href":"https:\/\/www.monblogdefille.com\/blog\/wp-json\/wp\/v2\/users\/3"}],"replies":[{"embeddable":true,"href":"https:\/\/www.monblogdefille.com\/blog\/wp-json\/wp\/v2\/comments?post=147218"}],"version-history":[{"count":0,"href":"https:\/\/www.monblogdefille.com\/blog\/wp-json\/wp\/v2\/posts\/147218\/revisions"}],"wp:featuredmedia":[{"embeddable":true,"href":"https:\/\/www.monblogdefille.com\/blog\/wp-json\/wp\/v2\/media\/147219"}],"wp:attachment":[{"href":"https:\/\/www.monblogdefille.com\/blog\/wp-json\/wp\/v2\/media?parent=147218"}],"wp:term":[{"taxonomy":"category","embeddable":true,"href":"https:\/\/www.monblogdefille.com\/blog\/wp-json\/wp\/v2\/categories?post=147218"},{"taxonomy":"post_tag","embeddable":true,"href":"https:\/\/www.monblogdefille.com\/blog\/wp-json\/wp\/v2\/tags?post=147218"}],"curies":[{"name":"wp","href":"https:\/\/api.w.org\/{rel}","templated":true}]}}