{"id":147107,"date":"2014-01-31T09:08:02","date_gmt":"2014-01-31T08:08:02","guid":{"rendered":"http:\/\/www.monblogdefille.com\/blog\/?p=147107"},"modified":"2014-02-04T09:34:01","modified_gmt":"2014-02-04T08:34:01","slug":"quel-matos-pour-filmer-et-photographier","status":"publish","type":"post","link":"https:\/\/www.monblogdefille.com\/blog\/quel-matos-pour-filmer-et-photographier\/","title":{"rendered":"Quel matos pour filmer et photographier ?"},"content":{"rendered":"<p><a href=\"http:\/\/www.monblogdefille.com\/blog\/wp-content\/uploads\/2014\/01\/matos-photo-video.jpg\"><img loading=\"lazy\" decoding=\"async\" class=\"alignnone size-full wp-image-147108\" alt=\"matos photo video\" src=\"http:\/\/www.monblogdefille.com\/blog\/wp-content\/uploads\/2014\/01\/matos-photo-video.jpg\" width=\"700\" height=\"728\" srcset=\"https:\/\/www.monblogdefille.com\/blog\/wp-content\/uploads\/2014\/01\/matos-photo-video.jpg 700w, https:\/\/www.monblogdefille.com\/blog\/wp-content\/uploads\/2014\/01\/matos-photo-video-288x300.jpg 288w\" sizes=\"auto, (max-width: 700px) 100vw, 700px\" \/><\/a><\/p>\n<p>R\u00e9guli\u00e8rement, on me demande ce que j&rsquo;utilise comme mat\u00e9riel pour faire mes vid\u00e9os ou mes photos. C&rsquo;est marqu\u00e9 partout aux endroits concern\u00e9s (You Tube et Instagram), mais \u00e7a ne doit pas clignoter en assez gros pour \u00eatre visible ;-) Et surtout \u00e7a m&rsquo;\u00e9tonne toujours, parce que je ne suis pas port\u00e9e l\u00e0-dessus pour un sou et je fais tout au plus simple ;-)<\/p>\n<p>Donc :<\/p>\n<p>&#8211; je filme mes vid\u00e9os avec une <b>cam\u00e9ra Canon Legria HFM46<\/b> (je l&rsquo;adore car elle a une t\u00e9l\u00e9commande &#8211; et \u00e9videment un \u00e9cran de contr\u00f4le r\u00e9versible -, quand on ne fait pas de montage les deux sont indispensables) ;\u00a0 et donc je ne fais pas de montage. D&rsquo;abord parce que rien au monde ne m&rsquo;int\u00e9resse moins que \u00e7a, ensuite parce que j&rsquo;ai un PC (que j&rsquo;adore, n&rsquo;entrons pas ici dans la vaine pol\u00e9mique MAC \/ PC, merci), et donc pas d&rsquo;outil de base d\u00e9di\u00e9 \u00e0 \u00e7a (ce qui m&rsquo;arrange, en fait, vu que de toute fa\u00e7on le montage me sao\u00fble \u00e0 mort et que m\u00eame si j&rsquo;avais les outils je ne le ferais sans doute pas) ;<\/p>\n<p>&#8211; je fais les photos pour mon blog (illustrations des billets, produits cosm\u00e9tiques, looks) avec un <b>reflex Nikon D5100<\/b> ; je l&rsquo;adore aussi parce que c&rsquo;est mon premier reflex que j&rsquo;ai depuis cet \u00e9t\u00e9 seulement, et que par rapport \u00e0 mon gentil compact d&rsquo;avant je trouve les r\u00e9sultats tr\u00e8s spectaculaires (je suis bon public ;-), m\u00eame si je suis toujours en mode \u00ab\u00a0tout automatique\u00a0\u00bb vu que je n&rsquo;y comprends rien &#8211; et que \u00e7a ne m&rsquo;int\u00e9resse pas tellement plus que le montage vid\u00e9o, \u00e0 vrai dire ;-) (il a aussi un \u00e9cran r\u00e9versible, je l&rsquo;ai choisi aussi pour \u00e7a, des fois que me je trouve oblig\u00e9e de faire des vid\u00e9os avec) ;<\/p>\n<p>&#8211; je fais toutes mes photos Instagram avec mon <b>iPhone 5<\/b> (je me balade pas avec un reflex pesant trois tonnes dans mon b\u00e9b\u00e9 sac Banana Republic ;-)) (\u00e9videmment j&rsquo;utilise les philtres Instagram, sinon \u00e0 quoi bon Instagram ?? Quand je ne mets pas de filtre, ce qui est rare, je le signale comme tout le monde avec le hashtag #nofilter).<\/p>\n<p>Voil\u00e0, vous savez tout !<\/p>\n","protected":false},"excerpt":{"rendered":"<p><a href=\"http:\/\/www.monblogdefille.com\/blog\/wp-content\/uploads\/2014\/01\/matos-photo-video.jpg\"><img loading=\"lazy\" decoding=\"async\" class=\"alignnone size-full wp-image-147108\" alt=\"matos photo video\" src=\"http:\/\/www.monblogdefille.com\/blog\/wp-content\/uploads\/2014\/01\/matos-photo-video.jpg\" width=\"700\" height=\"728\" srcset=\"https:\/\/www.monblogdefille.com\/blog\/wp-content\/uploads\/2014\/01\/matos-photo-video.jpg 700w, https:\/\/www.monblogdefille.com\/blog\/wp-content\/uploads\/2014\/01\/matos-photo-video-288x300.jpg 288w\" sizes=\"auto, (max-width: 700px) 100vw, 700px\" \/><\/a><\/p>\n","protected":false},"author":3,"featured_media":147108,"comment_status":"open","ping_status":"open","sticky":false,"template":"","format":"standard","meta":{"footnotes":""},"categories":[1475],"tags":[],"class_list":["post-147107","post","type-post","status-publish","format-standard","has-post-thumbnail","hentry","category-divers"],"_links":{"self":[{"href":"https:\/\/www.monblogdefille.com\/blog\/wp-json\/wp\/v2\/posts\/147107","targetHints":{"allow":["GET"]}}],"collection":[{"href":"https:\/\/www.monblogdefille.com\/blog\/wp-json\/wp\/v2\/posts"}],"about":[{"href":"https:\/\/www.monblogdefille.com\/blog\/wp-json\/wp\/v2\/types\/post"}],"author":[{"embeddable":true,"href":"https:\/\/www.monblogdefille.com\/blog\/wp-json\/wp\/v2\/users\/3"}],"replies":[{"embeddable":true,"href":"https:\/\/www.monblogdefille.com\/blog\/wp-json\/wp\/v2\/comments?post=147107"}],"version-history":[{"count":0,"href":"https:\/\/www.monblogdefille.com\/blog\/wp-json\/wp\/v2\/posts\/147107\/revisions"}],"wp:featuredmedia":[{"embeddable":true,"href":"https:\/\/www.monblogdefille.com\/blog\/wp-json\/wp\/v2\/media\/147108"}],"wp:attachment":[{"href":"https:\/\/www.monblogdefille.com\/blog\/wp-json\/wp\/v2\/media?parent=147107"}],"wp:term":[{"taxonomy":"category","embeddable":true,"href":"https:\/\/www.monblogdefille.com\/blog\/wp-json\/wp\/v2\/categories?post=147107"},{"taxonomy":"post_tag","embeddable":true,"href":"https:\/\/www.monblogdefille.com\/blog\/wp-json\/wp\/v2\/tags?post=147107"}],"curies":[{"name":"wp","href":"https:\/\/api.w.org\/{rel}","templated":true}]}}