{"id":146862,"date":"2013-12-23T09:04:15","date_gmt":"2013-12-23T08:04:15","guid":{"rendered":"http:\/\/www.monblogdefille.com\/blog\/?p=146862"},"modified":"2015-10-04T12:16:42","modified_gmt":"2015-10-04T10:16:42","slug":"blanc-dhiver","status":"publish","type":"post","link":"https:\/\/www.monblogdefille.com\/blog\/blanc-dhiver\/","title":{"rendered":"Blanc d&rsquo;hiver"},"content":{"rendered":"<p><a href=\"http:\/\/www.monblogdefille.com\/blog\/wp-content\/uploads\/2013\/12\/blanc-d-hiver-055.jpg\"><img loading=\"lazy\" decoding=\"async\" class=\"alignnone size-full wp-image-146863\" src=\"http:\/\/www.monblogdefille.com\/blog\/wp-content\/uploads\/2013\/12\/blanc-d-hiver-055.jpg\" alt=\"blanc d hiver 055\" width=\"600\" height=\"480\" srcset=\"https:\/\/www.monblogdefille.com\/blog\/wp-content\/uploads\/2013\/12\/blanc-d-hiver-055.jpg 600w, https:\/\/www.monblogdefille.com\/blog\/wp-content\/uploads\/2013\/12\/blanc-d-hiver-055-300x240.jpg 300w, https:\/\/www.monblogdefille.com\/blog\/wp-content\/uploads\/2013\/12\/blanc-d-hiver-055-117x93.jpg 117w\" sizes=\"auto, (max-width: 600px) 100vw, 600px\" \/><\/a><\/p>\n<p>J&rsquo;ADORE le blanc et les couleurs neutres tr\u00e8s claires en plein hiver. C&rsquo;est \u00e0 la fois lumineux, doux et gai. Si je vivais dans un endroit o\u00f9 il fait froid MAIS beau tout l&rsquo;hiver, \u00e7a pourrait devenir mon uniforme.<\/p>\n<p>Alors OK, quand on vit \u00e0 Paris o\u00f9 il pleut trop souvent, c&rsquo;est pas facile \u00e0 porter tous les jours (bas de pantalon d\u00e9gueu etc) ; mais ces jours-l\u00e0 \u00e7a fait un bien fou et je me sens comme sur un nuage de la couleur de mes v\u00eatements ;-)<\/p>\n<p>Par contre j&rsquo;aime bien l&rsquo;id\u00e9e de casser le c\u00f4t\u00e9 un peu \u00ab\u00a0en route pour Courchevel madame le sous-pr\u00e9f\u00e8te\u00a0\u00bb, qui serait complet si j&rsquo;avais port\u00e9 par exemple mon manteau en fausse fourrure beige avec tout \u00e7a. Ici je trouve que la bonne grosse parka militaire pas du tout girlie emp\u00eache le look de faire dame et d&rsquo;\u00eatre chiant (oui je sais c&rsquo;est une question de go\u00fbt personnel, mais que voulez-vous, pour moi les looks de dame sont chiants ;-).<\/p>\n<p>Un coucou sp\u00e9cial \u00e0 la lectrice adorable crois\u00e9e pendant qu&rsquo;on faisait ces photos ;-)<\/p>\n<p><a href=\"http:\/\/www.monblogdefille.com\/blog\/wp-content\/uploads\/2013\/12\/blanc-d-hiver-018.jpg\"><img loading=\"lazy\" decoding=\"async\" class=\"alignnone size-full wp-image-146864\" src=\"http:\/\/www.monblogdefille.com\/blog\/wp-content\/uploads\/2013\/12\/blanc-d-hiver-018.jpg\" alt=\"blanc d hiver 018\" width=\"600\" height=\"988\" srcset=\"https:\/\/www.monblogdefille.com\/blog\/wp-content\/uploads\/2013\/12\/blanc-d-hiver-018.jpg 600w, https:\/\/www.monblogdefille.com\/blog\/wp-content\/uploads\/2013\/12\/blanc-d-hiver-018-182x300.jpg 182w, https:\/\/www.monblogdefille.com\/blog\/wp-content\/uploads\/2013\/12\/blanc-d-hiver-018-71x117.jpg 71w\" sizes=\"auto, (max-width: 600px) 100vw, 600px\" \/><\/a><\/p>\n<p><a href=\"http:\/\/www.monblogdefille.com\/blog\/wp-content\/uploads\/2013\/12\/blanc-d-hiver-024.jpg\"><img loading=\"lazy\" decoding=\"async\" class=\"alignnone size-full wp-image-146865\" src=\"http:\/\/www.monblogdefille.com\/blog\/wp-content\/uploads\/2013\/12\/blanc-d-hiver-024.jpg\" alt=\"blanc d hiver 024\" width=\"600\" height=\"397\" srcset=\"https:\/\/www.monblogdefille.com\/blog\/wp-content\/uploads\/2013\/12\/blanc-d-hiver-024.jpg 600w, https:\/\/www.monblogdefille.com\/blog\/wp-content\/uploads\/2013\/12\/blanc-d-hiver-024-300x198.jpg 300w, https:\/\/www.monblogdefille.com\/blog\/wp-content\/uploads\/2013\/12\/blanc-d-hiver-024-117x77.jpg 117w\" sizes=\"auto, (max-width: 600px) 100vw, 600px\" \/><\/a><\/p>\n<p><a href=\"http:\/\/www.monblogdefille.com\/blog\/wp-content\/uploads\/2013\/12\/blanc-d-hiver-044.jpg\"><img loading=\"lazy\" decoding=\"async\" class=\"alignnone size-full wp-image-146866\" src=\"http:\/\/www.monblogdefille.com\/blog\/wp-content\/uploads\/2013\/12\/blanc-d-hiver-044.jpg\" alt=\"blanc d hiver 044\" width=\"600\" height=\"399\" srcset=\"https:\/\/www.monblogdefille.com\/blog\/wp-content\/uploads\/2013\/12\/blanc-d-hiver-044.jpg 600w, https:\/\/www.monblogdefille.com\/blog\/wp-content\/uploads\/2013\/12\/blanc-d-hiver-044-300x199.jpg 300w, https:\/\/www.monblogdefille.com\/blog\/wp-content\/uploads\/2013\/12\/blanc-d-hiver-044-117x77.jpg 117w\" sizes=\"auto, (max-width: 600px) 100vw, 600px\" \/><\/a><\/p>\n<p><a href=\"http:\/\/www.monblogdefille.com\/blog\/wp-content\/uploads\/2013\/12\/blanc-d-hiver-051.jpg\"><img loading=\"lazy\" decoding=\"async\" class=\"alignnone size-full wp-image-146867\" src=\"http:\/\/www.monblogdefille.com\/blog\/wp-content\/uploads\/2013\/12\/blanc-d-hiver-051.jpg\" alt=\"blanc d hiver 051\" width=\"600\" height=\"570\" srcset=\"https:\/\/www.monblogdefille.com\/blog\/wp-content\/uploads\/2013\/12\/blanc-d-hiver-051.jpg 600w, https:\/\/www.monblogdefille.com\/blog\/wp-content\/uploads\/2013\/12\/blanc-d-hiver-051-300x285.jpg 300w, https:\/\/www.monblogdefille.com\/blog\/wp-content\/uploads\/2013\/12\/blanc-d-hiver-051-117x111.jpg 117w\" sizes=\"auto, (max-width: 600px) 100vw, 600px\" \/><\/a><\/p>\n<p><a href=\"http:\/\/www.monblogdefille.com\/blog\/wp-content\/uploads\/2013\/12\/blanc-d-hiver-009.jpg\"><img loading=\"lazy\" decoding=\"async\" class=\"alignnone size-full wp-image-146868\" src=\"http:\/\/www.monblogdefille.com\/blog\/wp-content\/uploads\/2013\/12\/blanc-d-hiver-009.jpg\" alt=\"blanc d hiver 009\" width=\"600\" height=\"970\" srcset=\"https:\/\/www.monblogdefille.com\/blog\/wp-content\/uploads\/2013\/12\/blanc-d-hiver-009.jpg 600w, https:\/\/www.monblogdefille.com\/blog\/wp-content\/uploads\/2013\/12\/blanc-d-hiver-009-185x300.jpg 185w, https:\/\/www.monblogdefille.com\/blog\/wp-content\/uploads\/2013\/12\/blanc-d-hiver-009-72x117.jpg 72w\" sizes=\"auto, (max-width: 600px) 100vw, 600px\" \/><\/a><\/p>\n<p><a href=\"http:\/\/www.monblogdefille.com\/blog\/wp-content\/uploads\/2013\/12\/blanc-d-hiver-049.jpg\"><img loading=\"lazy\" decoding=\"async\" class=\"alignnone size-full wp-image-146869\" src=\"http:\/\/www.monblogdefille.com\/blog\/wp-content\/uploads\/2013\/12\/blanc-d-hiver-049.jpg\" alt=\"blanc d hiver 049\" width=\"600\" height=\"596\" srcset=\"https:\/\/www.monblogdefille.com\/blog\/wp-content\/uploads\/2013\/12\/blanc-d-hiver-049.jpg 600w, https:\/\/www.monblogdefille.com\/blog\/wp-content\/uploads\/2013\/12\/blanc-d-hiver-049-300x298.jpg 300w, https:\/\/www.monblogdefille.com\/blog\/wp-content\/uploads\/2013\/12\/blanc-d-hiver-049-117x117.jpg 117w\" sizes=\"auto, (max-width: 600px) 100vw, 600px\" \/><\/a><\/p>\n<p><a href=\"http:\/\/www.monblogdefille.com\/blog\/wp-content\/uploads\/2013\/12\/blanc-d-hiver-034.jpg\"><img loading=\"lazy\" decoding=\"async\" class=\"alignnone size-full wp-image-146870\" src=\"http:\/\/www.monblogdefille.com\/blog\/wp-content\/uploads\/2013\/12\/blanc-d-hiver-034.jpg\" alt=\"blanc d hiver 034\" width=\"600\" height=\"608\" srcset=\"https:\/\/www.monblogdefille.com\/blog\/wp-content\/uploads\/2013\/12\/blanc-d-hiver-034.jpg 600w, https:\/\/www.monblogdefille.com\/blog\/wp-content\/uploads\/2013\/12\/blanc-d-hiver-034-296x300.jpg 296w, https:\/\/www.monblogdefille.com\/blog\/wp-content\/uploads\/2013\/12\/blanc-d-hiver-034-115x117.jpg 115w\" sizes=\"auto, (max-width: 600px) 100vw, 600px\" \/><\/a><\/p>\n<p><b><a href=\"http:\/\/amzn.to\/2f2LPKN\" target=\"_blank\" rel=\"noopener\">Parka Alpha Industries<\/a><\/b> (d\u00e9j\u00e0 vue <a href=\"http:\/\/www.monblogdefille.com\/blog\/parka-retouchee\" target=\"_blank\"><b>ici<\/b><\/a>) (pas dispo sur Amazon en ce moment mais dispo chez <a href=\"http:\/\/tinyurl.com\/nuf4vnm\" target=\"_blank\" rel=\"noopener\"><b>Asos<\/b><\/a>) (qu&rsquo;est-ce que je suis contente que l&rsquo;avoir cherch\u00e9e, achet\u00e9e, fait retoucher : c&rsquo;est la plus chaude de toutes mes parkas)<\/p>\n<p><b>Echarpe Galeries Lafayette<\/b>, achet\u00e9e il y a 5 ou 6 ans sur un coup de t\u00eate face \u00e0 une promo au rayon cachemire ;-)<\/p>\n<p><a href=\"http:\/\/tinyurl.com\/ntkuwug\" target=\"_blank\" rel=\"noopener\"><b>Pull Asos<\/b><\/a> (d\u00e9j\u00e0 vu <a href=\"http:\/\/www.monblogdefille.com\/blog\/le-point-sur-la-bouche-presque-2-mois\" target=\"_blank\"><b>ici<\/b> <\/a>et <a href=\"http:\/\/www.monblogdefille.com\/blog\/palette-clinique-jennas-essentials\" target=\"_blank\"><b>ici<\/b> <\/a>en noir, je l&rsquo;adore, il est tellement doux et chaud, je le porte tout le temps !)<\/p>\n<p><a href=\"http:\/\/tinyurl.com\/kwnmlec\" target=\"_blank\" rel=\"noopener\"><b>Jean blanc Asos<\/b> <\/a>(achet\u00e9 gr\u00e2ce \u00e0 l&rsquo;une d&rsquo;entre vous qui me l&rsquo;avait signal\u00e9 en commentaire &#8211; Cheveuxauxvents ? &#8211; , et pas regrett\u00e9 une seconde vu que c&rsquo;est le fameux mod\u00e8le Ridley que j&rsquo;ai dans plusieurs couleurs, taille haute, super souple et confortable)<\/p>\n<p><a href=\"http:\/\/www.dessinemoiunsoulier.com\/\" target=\"_blank\" rel=\"noopener\"><b>Boots Dessine-moi un Soulier<\/b> <\/a>(d\u00e9j\u00e0 vues <a href=\"http:\/\/www.monblogdefille.com\/blog\/dessine-moi-un-soulier\" target=\"_blank\"><b>ici<\/b><\/a>)<\/p>\n<p><b>Sac Banana Republic<\/b> (d\u00e9j\u00e0 vu <a href=\"http:\/\/www.monblogdefille.com\/blog\/london-haul\" target=\"_blank\"><strong>ici<\/strong><\/a>)<\/p>\n<p>Bague ancienne et <b><a href=\"http:\/\/bit.ly\/XTibHx\" target=\"_blank\" rel=\"noopener\">bague Gemmyo<\/a><\/b><\/p>\n<p style=\"text-align: center;\"><em>Merci <a href=\"http:\/\/constellationart.wordpress.com\/\" target=\"_blank\" rel=\"noopener\"><strong>Sylvaine<\/strong><\/a> pour les photos !<\/em><\/p>\n","protected":false},"excerpt":{"rendered":"<p><a href=\"http:\/\/www.monblogdefille.com\/blog\/wp-content\/uploads\/2013\/12\/blanc-d-hiver-034.jpg\"><img loading=\"lazy\" decoding=\"async\" class=\"alignnone size-full wp-image-146870\" alt=\"blanc d hiver 034\" src=\"http:\/\/www.monblogdefille.com\/blog\/wp-content\/uploads\/2013\/12\/blanc-d-hiver-034.jpg\" width=\"600\" height=\"608\" srcset=\"https:\/\/www.monblogdefille.com\/blog\/wp-content\/uploads\/2013\/12\/blanc-d-hiver-034.jpg 600w, https:\/\/www.monblogdefille.com\/blog\/wp-content\/uploads\/2013\/12\/blanc-d-hiver-034-296x300.jpg 296w, https:\/\/www.monblogdefille.com\/blog\/wp-content\/uploads\/2013\/12\/blanc-d-hiver-034-115x117.jpg 115w\" sizes=\"auto, (max-width: 600px) 100vw, 600px\" \/><\/a><\/p>\n","protected":false},"author":3,"featured_media":146863,"comment_status":"open","ping_status":"open","sticky":false,"template":"","format":"standard","meta":{"footnotes":""},"categories":[19927],"tags":[20133],"class_list":["post-146862","post","type-post","status-publish","format-standard","has-post-thumbnail","hentry","category-looks","tag-mode"],"_links":{"self":[{"href":"https:\/\/www.monblogdefille.com\/blog\/wp-json\/wp\/v2\/posts\/146862","targetHints":{"allow":["GET"]}}],"collection":[{"href":"https:\/\/www.monblogdefille.com\/blog\/wp-json\/wp\/v2\/posts"}],"about":[{"href":"https:\/\/www.monblogdefille.com\/blog\/wp-json\/wp\/v2\/types\/post"}],"author":[{"embeddable":true,"href":"https:\/\/www.monblogdefille.com\/blog\/wp-json\/wp\/v2\/users\/3"}],"replies":[{"embeddable":true,"href":"https:\/\/www.monblogdefille.com\/blog\/wp-json\/wp\/v2\/comments?post=146862"}],"version-history":[{"count":0,"href":"https:\/\/www.monblogdefille.com\/blog\/wp-json\/wp\/v2\/posts\/146862\/revisions"}],"wp:featuredmedia":[{"embeddable":true,"href":"https:\/\/www.monblogdefille.com\/blog\/wp-json\/wp\/v2\/media\/146863"}],"wp:attachment":[{"href":"https:\/\/www.monblogdefille.com\/blog\/wp-json\/wp\/v2\/media?parent=146862"}],"wp:term":[{"taxonomy":"category","embeddable":true,"href":"https:\/\/www.monblogdefille.com\/blog\/wp-json\/wp\/v2\/categories?post=146862"},{"taxonomy":"post_tag","embeddable":true,"href":"https:\/\/www.monblogdefille.com\/blog\/wp-json\/wp\/v2\/tags?post=146862"}],"curies":[{"name":"wp","href":"https:\/\/api.w.org\/{rel}","templated":true}]}}