{"id":146824,"date":"2013-12-15T09:36:11","date_gmt":"2013-12-15T08:36:11","guid":{"rendered":"http:\/\/www.monblogdefille.com\/blog\/?p=146824"},"modified":"2014-06-25T11:25:51","modified_gmt":"2014-06-25T09:25:51","slug":"tag-la-palette-parfaite","status":"publish","type":"post","link":"https:\/\/www.monblogdefille.com\/blog\/tag-la-palette-parfaite\/","title":{"rendered":"Tag : la palette parfaite"},"content":{"rendered":"<p>[youtube]http:\/\/youtu.be\/-63VZGXfrYM[\/youtube]<\/p>\n<p>Je porte un pull Naf Naf, le crayon \u00e0 l\u00e8vres Laura Mercier Mayan Sun, le vernis Nails Inc. Gel Effect St James (achet\u00e9 \u00e0 Londres), ma bague ancienne et une bague Forever 21 (enfin il me semble&#8230;), et mon <a href=\"http:\/\/tinyurl.com\/px7e7ye\" target=\"_blank\" rel=\"noopener\"><b>pendentif Gemmyo<\/b><\/a>.<\/p>\n<p>Les questions sont sur You Tube ;-)<\/p>\n","protected":false},"excerpt":{"rendered":"<p><strong>POUR VOIR LA VIDEO TAG LA PALETTE PARFAITE,<a href= \"http:\/\/www.monblogdefille.com\/blog\/tag-la-palette-parfaite\" target=\"_self\"> CLIQUEZ ICI<\/a><\/strong><\/p>\n<p><a href=\"http:\/\/www.monblogdefille.com\/blog\/wp-content\/uploads\/2013\/12\/tag-palette-parfaite-1.jpg\"><img loading=\"lazy\" decoding=\"async\" class=\"alignnone size-full wp-image-146825\" alt=\"tag palette parfaite 1\" src=\"http:\/\/www.monblogdefille.com\/blog\/wp-content\/uploads\/2013\/12\/tag-palette-parfaite-1.jpg\" width=\"600\" height=\"436\" srcset=\"https:\/\/www.monblogdefille.com\/blog\/wp-content\/uploads\/2013\/12\/tag-palette-parfaite-1.jpg 600w, https:\/\/www.monblogdefille.com\/blog\/wp-content\/uploads\/2013\/12\/tag-palette-parfaite-1-300x218.jpg 300w, https:\/\/www.monblogdefille.com\/blog\/wp-content\/uploads\/2013\/12\/tag-palette-parfaite-1-117x85.jpg 117w\" sizes=\"auto, (max-width: 600px) 100vw, 600px\" \/><\/a><\/p>\n","protected":false},"author":3,"featured_media":0,"comment_status":"open","ping_status":"open","sticky":false,"template":"","format":"standard","meta":{"footnotes":""},"categories":[20122,19978],"tags":[19939],"class_list":["post-146824","post","type-post","status-publish","format-standard","hentry","category-neutres","category-videos","tag-fard-a-paupieres"],"_links":{"self":[{"href":"https:\/\/www.monblogdefille.com\/blog\/wp-json\/wp\/v2\/posts\/146824","targetHints":{"allow":["GET"]}}],"collection":[{"href":"https:\/\/www.monblogdefille.com\/blog\/wp-json\/wp\/v2\/posts"}],"about":[{"href":"https:\/\/www.monblogdefille.com\/blog\/wp-json\/wp\/v2\/types\/post"}],"author":[{"embeddable":true,"href":"https:\/\/www.monblogdefille.com\/blog\/wp-json\/wp\/v2\/users\/3"}],"replies":[{"embeddable":true,"href":"https:\/\/www.monblogdefille.com\/blog\/wp-json\/wp\/v2\/comments?post=146824"}],"version-history":[{"count":0,"href":"https:\/\/www.monblogdefille.com\/blog\/wp-json\/wp\/v2\/posts\/146824\/revisions"}],"wp:attachment":[{"href":"https:\/\/www.monblogdefille.com\/blog\/wp-json\/wp\/v2\/media?parent=146824"}],"wp:term":[{"taxonomy":"category","embeddable":true,"href":"https:\/\/www.monblogdefille.com\/blog\/wp-json\/wp\/v2\/categories?post=146824"},{"taxonomy":"post_tag","embeddable":true,"href":"https:\/\/www.monblogdefille.com\/blog\/wp-json\/wp\/v2\/tags?post=146824"}],"curies":[{"name":"wp","href":"https:\/\/api.w.org\/{rel}","templated":true}]}}