{"id":146152,"date":"2013-10-11T09:01:39","date_gmt":"2013-10-11T07:01:39","guid":{"rendered":"http:\/\/www.monblogdefille.com\/blog\/?p=146152"},"modified":"2013-10-16T09:26:46","modified_gmt":"2013-10-16T07:26:46","slug":"rupture-stock-chez-nars","status":"publish","type":"post","link":"https:\/\/www.monblogdefille.com\/blog\/rupture-stock-chez-nars\/","title":{"rendered":"Rupture de stock chez Nars"},"content":{"rendered":"<p><a href=\"http:\/\/www.monblogdefille.com\/blog\/wp-content\/uploads\/2013\/04\/anti-cernes-nars.jpg\"><img loading=\"lazy\" decoding=\"async\" class=\"alignnone size-full wp-image-144611\" alt=\"anti cernes nars\" src=\"http:\/\/www.monblogdefille.com\/blog\/wp-content\/uploads\/2013\/04\/anti-cernes-nars.jpg\" width=\"600\" height=\"450\" srcset=\"https:\/\/www.monblogdefille.com\/blog\/wp-content\/uploads\/2013\/04\/anti-cernes-nars.jpg 600w, https:\/\/www.monblogdefille.com\/blog\/wp-content\/uploads\/2013\/04\/anti-cernes-nars-117x88.jpg 117w\" sizes=\"auto, (max-width: 600px) 100vw, 600px\" \/><\/a><\/p>\n<p>Bon je fais un billet expr\u00e8s pour \u00e7a parce que si je le mets dans les commentaires certaines vont louper l&rsquo;info, et qu&rsquo;en plus vous m&rsquo;avez pos\u00e9 la question sous plusieurs billets diff\u00e9rents donc on va pas s&rsquo;en sortir :<\/p>\n<p>Vous n&rsquo;arrivez pas \u00e0 mettre la main sur certaines teintes de l&rsquo;anti cernes Nars (notamment les teintes claires), que ce soit <a href=\"http:\/\/tinyurl.com\/jkodz63\" target=\"_blank\" rel=\"noopener\"><strong>chez Sephora<\/strong><\/a> ou <a href=\"http:\/\/www.narscosmetics.fr\/teint\/anti-cernes\/~\/anti-cernes-eclat--texture-cremeuse\" target=\"_blank\" rel=\"noopener\"><strong>sur le site de la marque<\/strong><\/a> (ou dans ses points de vente).<\/p>\n<p>C&rsquo;est parce que le produit est victime de son succ\u00e8s, et en rupture de stock un peu partout. Evidemment que non, Nars ne l&rsquo;a pas arr\u00eat\u00e9 (faudrait \u00eatre tordu pour arr\u00eater un produit &#8211; qui marche aussi bien &#8211; quelques mois apr\u00e8s son lancement).<\/p>\n<p>Toutes les teintes vont revenir en boutiques, mais on ne sais pas exactement quand, le meilleur moyen de ne pas les louper est de passer v\u00e9rifier de temps en temps.<\/p>\n","protected":false},"excerpt":{"rendered":"<p><a href=\"http:\/\/www.monblogdefille.com\/blog\/wp-content\/uploads\/2013\/04\/anti-cernes-nars.jpg\"><img loading=\"lazy\" decoding=\"async\" class=\"alignnone size-full wp-image-144611\" alt=\"anti cernes nars\" src=\"http:\/\/www.monblogdefille.com\/blog\/wp-content\/uploads\/2013\/04\/anti-cernes-nars.jpg\" width=\"600\" height=\"450\" srcset=\"https:\/\/www.monblogdefille.com\/blog\/wp-content\/uploads\/2013\/04\/anti-cernes-nars.jpg 600w, https:\/\/www.monblogdefille.com\/blog\/wp-content\/uploads\/2013\/04\/anti-cernes-nars-117x88.jpg 117w\" sizes=\"auto, (max-width: 600px) 100vw, 600px\" \/><\/a><\/p>\n","protected":false},"author":3,"featured_media":144611,"comment_status":"open","ping_status":"open","sticky":false,"template":"","format":"standard","meta":{"footnotes":""},"categories":[1485],"tags":[20093],"class_list":["post-146152","post","type-post","status-publish","format-standard","has-post-thumbnail","hentry","category-le-maquillage","tag-anti-cernes"],"_links":{"self":[{"href":"https:\/\/www.monblogdefille.com\/blog\/wp-json\/wp\/v2\/posts\/146152","targetHints":{"allow":["GET"]}}],"collection":[{"href":"https:\/\/www.monblogdefille.com\/blog\/wp-json\/wp\/v2\/posts"}],"about":[{"href":"https:\/\/www.monblogdefille.com\/blog\/wp-json\/wp\/v2\/types\/post"}],"author":[{"embeddable":true,"href":"https:\/\/www.monblogdefille.com\/blog\/wp-json\/wp\/v2\/users\/3"}],"replies":[{"embeddable":true,"href":"https:\/\/www.monblogdefille.com\/blog\/wp-json\/wp\/v2\/comments?post=146152"}],"version-history":[{"count":0,"href":"https:\/\/www.monblogdefille.com\/blog\/wp-json\/wp\/v2\/posts\/146152\/revisions"}],"wp:featuredmedia":[{"embeddable":true,"href":"https:\/\/www.monblogdefille.com\/blog\/wp-json\/wp\/v2\/media\/144611"}],"wp:attachment":[{"href":"https:\/\/www.monblogdefille.com\/blog\/wp-json\/wp\/v2\/media?parent=146152"}],"wp:term":[{"taxonomy":"category","embeddable":true,"href":"https:\/\/www.monblogdefille.com\/blog\/wp-json\/wp\/v2\/categories?post=146152"},{"taxonomy":"post_tag","embeddable":true,"href":"https:\/\/www.monblogdefille.com\/blog\/wp-json\/wp\/v2\/tags?post=146152"}],"curies":[{"name":"wp","href":"https:\/\/api.w.org\/{rel}","templated":true}]}}