{"id":146082,"date":"2013-10-02T09:04:08","date_gmt":"2013-10-02T07:04:08","guid":{"rendered":"http:\/\/www.monblogdefille.com\/blog\/?p=146082"},"modified":"2013-10-05T10:20:18","modified_gmt":"2013-10-05T08:20:18","slug":"enfin-collection-amusante-chez-mac","status":"publish","type":"post","link":"https:\/\/www.monblogdefille.com\/blog\/enfin-collection-amusante-chez-mac\/","title":{"rendered":"Enfin une collection amusante chez MAC"},"content":{"rendered":"<p><a href=\"http:\/\/www.monblogdefille.com\/blog\/wp-content\/uploads\/2013\/10\/holiday2013_macrickbaker001.jpg\"><img loading=\"lazy\" decoding=\"async\" class=\"alignnone size-full wp-image-146083\" alt=\"holiday2013_macrickbaker001\" src=\"http:\/\/www.monblogdefille.com\/blog\/wp-content\/uploads\/2013\/10\/holiday2013_macrickbaker001.jpg\" width=\"600\" height=\"513\" srcset=\"https:\/\/www.monblogdefille.com\/blog\/wp-content\/uploads\/2013\/10\/holiday2013_macrickbaker001.jpg 600w, https:\/\/www.monblogdefille.com\/blog\/wp-content\/uploads\/2013\/10\/holiday2013_macrickbaker001-300x256.jpg 300w, https:\/\/www.monblogdefille.com\/blog\/wp-content\/uploads\/2013\/10\/holiday2013_macrickbaker001-117x100.jpg 117w\" sizes=\"auto, (max-width: 600px) 100vw, 600px\" \/><\/a><\/p>\n<p>Ca fait longtemps que j&rsquo;ai cess\u00e9 de m&rsquo;int\u00e9resser aux collections MAC : 57 par an, la moiti\u00e9 nazes et plein de trucs d\u00e9j\u00e0 existants, tr\u00e8s peu d&rsquo;innovation&#8230; Je ne consid\u00e8re plus \u00e7a que comme un \u00e9norme rouleau compresseur markting (j&rsquo;ai s\u00fbrement tort en partie, mais vous savez comme je suis : bieeeen enti\u00e8re ;-).<\/p>\n<p>Mais l\u00e0 je suis ravie ! Merci <a href=\"http:\/\/www.temptalia.com\/mac-x-rick-baker-collection-for-holiday-2013\" target=\"_blank\" rel=\"noopener\"><strong>Christine<\/strong> <\/a>d&rsquo;en avoir parl\u00e9, sans toi je l&rsquo;aurais loup\u00e9e ! Bon OK ce sont surtout les visuels qui m&rsquo;enchantent, mais les produits sortent un peu de l&rsquo;ordinaire aussi et certains sont des produits pros que le grand public n&rsquo;utilise pas souvent.<\/p>\n<p>Alors bien s\u00fbr vous allez me dire : mais c&rsquo;en est plus que jamais, du marketing ! Ils sortent \u00e7a pile pour Halloween ! M&rsquo;en fous, moi d\u00e8s qu&rsquo;il s&rsquo;agit d&rsquo;Halloween, j&rsquo;ai 8 ans et je sautille partout de joie ;-))<\/p>\n<p><a href=\"http:\/\/www.monblogdefille.com\/blog\/wp-content\/uploads\/2013\/10\/holiday2013_macrickbaker002.jpg\"><img loading=\"lazy\" decoding=\"async\" class=\"alignnone size-full wp-image-146084\" alt=\"holiday2013_macrickbaker002\" src=\"http:\/\/www.monblogdefille.com\/blog\/wp-content\/uploads\/2013\/10\/holiday2013_macrickbaker002.jpg\" width=\"600\" height=\"400\" srcset=\"https:\/\/www.monblogdefille.com\/blog\/wp-content\/uploads\/2013\/10\/holiday2013_macrickbaker002.jpg 600w, https:\/\/www.monblogdefille.com\/blog\/wp-content\/uploads\/2013\/10\/holiday2013_macrickbaker002-300x200.jpg 300w, https:\/\/www.monblogdefille.com\/blog\/wp-content\/uploads\/2013\/10\/holiday2013_macrickbaker002-117x78.jpg 117w\" sizes=\"auto, (max-width: 600px) 100vw, 600px\" \/><\/a><\/p>\n<p><a href=\"http:\/\/www.monblogdefille.com\/blog\/wp-content\/uploads\/2013\/10\/holiday2013_macrickbaker003.jpg\"><img loading=\"lazy\" decoding=\"async\" class=\"alignnone size-full wp-image-146085\" alt=\"holiday2013_macrickbaker003\" src=\"http:\/\/www.monblogdefille.com\/blog\/wp-content\/uploads\/2013\/10\/holiday2013_macrickbaker003.jpg\" width=\"600\" height=\"900\" srcset=\"https:\/\/www.monblogdefille.com\/blog\/wp-content\/uploads\/2013\/10\/holiday2013_macrickbaker003.jpg 600w, https:\/\/www.monblogdefille.com\/blog\/wp-content\/uploads\/2013\/10\/holiday2013_macrickbaker003-200x300.jpg 200w, https:\/\/www.monblogdefille.com\/blog\/wp-content\/uploads\/2013\/10\/holiday2013_macrickbaker003-78x117.jpg 78w\" sizes=\"auto, (max-width: 600px) 100vw, 600px\" \/><\/a><\/p>\n","protected":false},"excerpt":{"rendered":"<p><a href=\"http:\/\/www.monblogdefille.com\/blog\/wp-content\/uploads\/2013\/10\/holiday2013_macrickbaker001.jpg\"><img loading=\"lazy\" decoding=\"async\" class=\"alignnone size-full wp-image-146083\" alt=\"holiday2013_macrickbaker001\" src=\"http:\/\/www.monblogdefille.com\/blog\/wp-content\/uploads\/2013\/10\/holiday2013_macrickbaker001.jpg\" width=\"600\" height=\"513\" srcset=\"https:\/\/www.monblogdefille.com\/blog\/wp-content\/uploads\/2013\/10\/holiday2013_macrickbaker001.jpg 600w, https:\/\/www.monblogdefille.com\/blog\/wp-content\/uploads\/2013\/10\/holiday2013_macrickbaker001-300x256.jpg 300w, https:\/\/www.monblogdefille.com\/blog\/wp-content\/uploads\/2013\/10\/holiday2013_macrickbaker001-117x100.jpg 117w\" sizes=\"auto, (max-width: 600px) 100vw, 600px\" \/><\/a><\/p>\n","protected":false},"author":3,"featured_media":146083,"comment_status":"open","ping_status":"open","sticky":false,"template":"","format":"standard","meta":{"footnotes":""},"categories":[1485],"tags":[19963],"class_list":["post-146082","post","type-post","status-publish","format-standard","has-post-thumbnail","hentry","category-le-maquillage","tag-mac"],"_links":{"self":[{"href":"https:\/\/www.monblogdefille.com\/blog\/wp-json\/wp\/v2\/posts\/146082","targetHints":{"allow":["GET"]}}],"collection":[{"href":"https:\/\/www.monblogdefille.com\/blog\/wp-json\/wp\/v2\/posts"}],"about":[{"href":"https:\/\/www.monblogdefille.com\/blog\/wp-json\/wp\/v2\/types\/post"}],"author":[{"embeddable":true,"href":"https:\/\/www.monblogdefille.com\/blog\/wp-json\/wp\/v2\/users\/3"}],"replies":[{"embeddable":true,"href":"https:\/\/www.monblogdefille.com\/blog\/wp-json\/wp\/v2\/comments?post=146082"}],"version-history":[{"count":0,"href":"https:\/\/www.monblogdefille.com\/blog\/wp-json\/wp\/v2\/posts\/146082\/revisions"}],"wp:featuredmedia":[{"embeddable":true,"href":"https:\/\/www.monblogdefille.com\/blog\/wp-json\/wp\/v2\/media\/146083"}],"wp:attachment":[{"href":"https:\/\/www.monblogdefille.com\/blog\/wp-json\/wp\/v2\/media?parent=146082"}],"wp:term":[{"taxonomy":"category","embeddable":true,"href":"https:\/\/www.monblogdefille.com\/blog\/wp-json\/wp\/v2\/categories?post=146082"},{"taxonomy":"post_tag","embeddable":true,"href":"https:\/\/www.monblogdefille.com\/blog\/wp-json\/wp\/v2\/tags?post=146082"}],"curies":[{"name":"wp","href":"https:\/\/api.w.org\/{rel}","templated":true}]}}