{"id":145822,"date":"2013-09-11T09:04:16","date_gmt":"2013-09-11T07:04:16","guid":{"rendered":"http:\/\/www.monblogdefille.com\/blog\/?p=145822"},"modified":"2016-08-15T19:54:00","modified_gmt":"2016-08-15T17:54:00","slug":"pardessus","status":"publish","type":"post","link":"https:\/\/www.monblogdefille.com\/blog\/pardessus\/","title":{"rendered":"Le pardessus"},"content":{"rendered":"<p><a href=\"http:\/\/www.monblogdefille.com\/blog\/wp-content\/uploads\/2013\/09\/pardessus-005.jpg\"><img loading=\"lazy\" decoding=\"async\" class=\"alignnone size-full wp-image-145824\" alt=\"pardessus 005\" src=\"http:\/\/www.monblogdefille.com\/blog\/wp-content\/uploads\/2013\/09\/pardessus-005.jpg\" width=\"600\" height=\"726\" srcset=\"https:\/\/www.monblogdefille.com\/blog\/wp-content\/uploads\/2013\/09\/pardessus-005.jpg 600w, https:\/\/www.monblogdefille.com\/blog\/wp-content\/uploads\/2013\/09\/pardessus-005-247x300.jpg 247w, https:\/\/www.monblogdefille.com\/blog\/wp-content\/uploads\/2013\/09\/pardessus-005-96x117.jpg 96w\" sizes=\"auto, (max-width: 600px) 100vw, 600px\" \/><\/a><\/p>\n<p>Quand j&rsquo;ai fait des essayages pour ces photos (ah ben oui on fait un peu des essayages, quand m\u00eame, on enfile pas le premier truc qui tombe du placard ;-), TOUT allait avec ce manteau.<br \/>\nNotamment les chaussures : Converse, ballerines, escarpins, boots, tout est joli et harmonieux avec.<br \/>\nQuant aux couleurs, c&rsquo;est pas compliqu\u00e9, j&rsquo;ai pas encore trouv\u00e9 ce qui r\u00e9ussissait \u00e0 \u00eatre moche avec du camel (je suis s\u00fbrement pas objective, le camel est une de mes couleurs pr\u00e9f\u00e9r\u00e9es depuis toujours).<\/p>\n<p>Et avec cette petite bande de gris aux manches, comment r\u00e9sister ?<br \/>\nBonne compo, en plus : 48% de laine. Perso si je mets un manteau c&rsquo;est pas juste parce que j&rsquo;aime sa couleur, mais surtout parce que d&rsquo;un coup il fait -12 le matin ; or en \u00ab\u00a0fast fashion\u00a0\u00bb, le pourcentage \u00e9lev\u00e9 de laine n&rsquo;est pas hyper r\u00e9pandu donc \u00e7a vaut le coup de le signaler (il n&rsquo;est pas doubl\u00e9, on le voit quand on regarde le \u00ab\u00a0d\u00e9fil\u00e9\u00a0\u00bb sur la fiche produit &#8211; chez Asos je me sers beaucoup de cette fonctionnalit\u00e9, tr\u00e8s pratique pour voir comment un v\u00eatement bouge et appr\u00e9cier les mati\u00e8res).<\/p>\n<p>Avec \u00e7a, comme je vous disais dans <a href=\"http:\/\/www.monblogdefille.com\/blog\/tuto-avec-la-palette-yves-saint-laurent-classy\" target=\"_blank\"><b>cette vid\u00e9o<\/b><\/a>, j&rsquo;ai maquill\u00e9 ma bouche mais pas mes yeux pour ne pas avoir l&rsquo;air trop \u00ab\u00a0respectable\u00a0\u00bb ;-)<\/p>\n<p>PS : je peux enfin porter (avant il faisait trop chaud) ma marini\u00e8re bretonne achet\u00e9e dans une coop\u00e9rative super bretonnante (sp\u00e9ciale d\u00e9dicace \u00e0 <a href=\"http:\/\/ilovestilettos.eu\/\" target=\"_blank\" rel=\"noopener\"><b>Miss Nahn<\/b><\/a> ;-), je suis enchant\u00e9e.<\/p>\n<p><a href=\"http:\/\/www.monblogdefille.com\/blog\/wp-content\/uploads\/2013\/09\/pardessus-054.jpg\"><img loading=\"lazy\" decoding=\"async\" class=\"alignnone size-full wp-image-145828\" alt=\"pardessus 054\" src=\"http:\/\/www.monblogdefille.com\/blog\/wp-content\/uploads\/2013\/09\/pardessus-054.jpg\" width=\"600\" height=\"510\" srcset=\"https:\/\/www.monblogdefille.com\/blog\/wp-content\/uploads\/2013\/09\/pardessus-054.jpg 600w, https:\/\/www.monblogdefille.com\/blog\/wp-content\/uploads\/2013\/09\/pardessus-054-300x255.jpg 300w, https:\/\/www.monblogdefille.com\/blog\/wp-content\/uploads\/2013\/09\/pardessus-054-117x99.jpg 117w\" sizes=\"auto, (max-width: 600px) 100vw, 600px\" \/><\/a><\/p>\n<p><a href=\"http:\/\/www.monblogdefille.com\/blog\/wp-content\/uploads\/2013\/09\/pardessus-003.jpg\"><img loading=\"lazy\" decoding=\"async\" class=\"alignnone size-full wp-image-145837\" alt=\"pardessus 003\" src=\"http:\/\/www.monblogdefille.com\/blog\/wp-content\/uploads\/2013\/09\/pardessus-003.jpg\" width=\"600\" height=\"552\" srcset=\"https:\/\/www.monblogdefille.com\/blog\/wp-content\/uploads\/2013\/09\/pardessus-003.jpg 600w, https:\/\/www.monblogdefille.com\/blog\/wp-content\/uploads\/2013\/09\/pardessus-003-162x150.jpg 162w, https:\/\/www.monblogdefille.com\/blog\/wp-content\/uploads\/2013\/09\/pardessus-003-300x276.jpg 300w, https:\/\/www.monblogdefille.com\/blog\/wp-content\/uploads\/2013\/09\/pardessus-003-117x107.jpg 117w\" sizes=\"auto, (max-width: 600px) 100vw, 600px\" \/><\/a><\/p>\n<p><a href=\"http:\/\/www.monblogdefille.com\/blog\/wp-content\/uploads\/2013\/09\/pardessus-002.jpg\"><img loading=\"lazy\" decoding=\"async\" class=\"alignnone size-full wp-image-145823\" alt=\"pardessus 002\" src=\"http:\/\/www.monblogdefille.com\/blog\/wp-content\/uploads\/2013\/09\/pardessus-002.jpg\" width=\"600\" height=\"588\" srcset=\"https:\/\/www.monblogdefille.com\/blog\/wp-content\/uploads\/2013\/09\/pardessus-002.jpg 600w, https:\/\/www.monblogdefille.com\/blog\/wp-content\/uploads\/2013\/09\/pardessus-002-300x294.jpg 300w, https:\/\/www.monblogdefille.com\/blog\/wp-content\/uploads\/2013\/09\/pardessus-002-117x114.jpg 117w\" sizes=\"auto, (max-width: 600px) 100vw, 600px\" \/><\/a><\/p>\n<p><a href=\"http:\/\/www.monblogdefille.com\/blog\/wp-content\/uploads\/2013\/09\/pardessus-091.jpg\"><img loading=\"lazy\" decoding=\"async\" class=\"alignnone size-full wp-image-145826\" alt=\"pardessus 091\" src=\"http:\/\/www.monblogdefille.com\/blog\/wp-content\/uploads\/2013\/09\/pardessus-091.jpg\" width=\"600\" height=\"505\" srcset=\"https:\/\/www.monblogdefille.com\/blog\/wp-content\/uploads\/2013\/09\/pardessus-091.jpg 600w, https:\/\/www.monblogdefille.com\/blog\/wp-content\/uploads\/2013\/09\/pardessus-091-300x252.jpg 300w, https:\/\/www.monblogdefille.com\/blog\/wp-content\/uploads\/2013\/09\/pardessus-091-117x98.jpg 117w\" sizes=\"auto, (max-width: 600px) 100vw, 600px\" \/><\/a><\/p>\n<p><a href=\"http:\/\/www.monblogdefille.com\/blog\/wp-content\/uploads\/2013\/09\/pardessus-018.jpg\"><img loading=\"lazy\" decoding=\"async\" class=\"alignnone size-full wp-image-145825\" alt=\"pardessus 018\" src=\"http:\/\/www.monblogdefille.com\/blog\/wp-content\/uploads\/2013\/09\/pardessus-018.jpg\" width=\"600\" height=\"588\" srcset=\"https:\/\/www.monblogdefille.com\/blog\/wp-content\/uploads\/2013\/09\/pardessus-018.jpg 600w, https:\/\/www.monblogdefille.com\/blog\/wp-content\/uploads\/2013\/09\/pardessus-018-300x294.jpg 300w, https:\/\/www.monblogdefille.com\/blog\/wp-content\/uploads\/2013\/09\/pardessus-018-117x114.jpg 117w\" sizes=\"auto, (max-width: 600px) 100vw, 600px\" \/><\/a><\/p>\n<p><a href=\"http:\/\/tinyurl.com\/o98eyhf\" target=\"_blank\" rel=\"noopener\"><b>Pardessus Asos<\/b><\/a> (comme d&rsquo;hab chez eux j&rsquo;ai pris ma taille et comme d&rsquo;hab \u00e7a va bien)<\/p>\n<p><b>Marini\u00e8re Hublot<\/b><\/p>\n<p><b>Jean H&amp;M<\/b> (d&rsquo;il y a quelques mois)<\/p>\n<p><b>Ballerines Anniel<\/b> (\u00e9t\u00e9 2013) (je vous les ai trouv\u00e9es sur <a href=\"http:\/\/www.monshowroom.com\/fr\/zoom\/anniel\/ballerines-en-poulain-cavf\/138180\" target=\"_blank\" rel=\"noopener\"><strong>Monshowroom<\/strong><\/a>, mais si vous faites du 39 il en reste chez <a href=\"http:\/\/www.dashoes.fr\/1244-ballerine-anniel-leopard-marron-noir.html\" target=\"_blank\" rel=\"noopener\"><strong>Da Shoes<\/strong><\/a> pour moins cher)<\/p>\n<p><a href=\"http:\/\/www.rebeccaminkoff.com\/shop\/handbags\/moonstruck.html\" target=\"_blank\" rel=\"noopener\"><b>Sac Rebecca Minkoff<\/b><\/a> (d\u00e9j\u00e0 vu <a href=\"http:\/\/www.monblogdefille.com\/blog\/camel-et-gris\" target=\"_blank\"><b>ici<\/b><\/a>)<\/p>\n<p><a href=\"http:\/\/tinyurl.com\/hdjj4jc\" target=\"_blank\" rel=\"noopener\"><b>Rouge Ecstasy Armani<\/b><\/a> n\u00b0 300 Pop<\/p>\n<p style=\"text-align: center;\"><em>Merci <a href=\"http:\/\/www.styledotboy.com\/\" target=\"_blank\" rel=\"noopener\"><b>Rapha\u00ebl<\/b> <\/a>pour les photos !<\/em><\/p>\n<p>&nbsp;<\/p>\n","protected":false},"excerpt":{"rendered":"<p><a href=\"http:\/\/www.monblogdefille.com\/blog\/wp-content\/uploads\/2013\/09\/pardessus-005.jpg\"><img loading=\"lazy\" decoding=\"async\" class=\"alignnone size-full wp-image-145824\" alt=\"pardessus 005\" src=\"http:\/\/www.monblogdefille.com\/blog\/wp-content\/uploads\/2013\/09\/pardessus-005.jpg\" width=\"600\" height=\"726\" srcset=\"https:\/\/www.monblogdefille.com\/blog\/wp-content\/uploads\/2013\/09\/pardessus-005.jpg 600w, https:\/\/www.monblogdefille.com\/blog\/wp-content\/uploads\/2013\/09\/pardessus-005-247x300.jpg 247w, https:\/\/www.monblogdefille.com\/blog\/wp-content\/uploads\/2013\/09\/pardessus-005-96x117.jpg 96w\" sizes=\"auto, (max-width: 600px) 100vw, 600px\" \/><\/a><\/p>\n","protected":false},"author":3,"featured_media":145824,"comment_status":"open","ping_status":"open","sticky":false,"template":"","format":"standard","meta":{"footnotes":""},"categories":[19927,20177],"tags":[20133],"class_list":["post-145822","post","type-post","status-publish","format-standard","has-post-thumbnail","hentry","category-looks","category-mode","tag-mode"],"_links":{"self":[{"href":"https:\/\/www.monblogdefille.com\/blog\/wp-json\/wp\/v2\/posts\/145822","targetHints":{"allow":["GET"]}}],"collection":[{"href":"https:\/\/www.monblogdefille.com\/blog\/wp-json\/wp\/v2\/posts"}],"about":[{"href":"https:\/\/www.monblogdefille.com\/blog\/wp-json\/wp\/v2\/types\/post"}],"author":[{"embeddable":true,"href":"https:\/\/www.monblogdefille.com\/blog\/wp-json\/wp\/v2\/users\/3"}],"replies":[{"embeddable":true,"href":"https:\/\/www.monblogdefille.com\/blog\/wp-json\/wp\/v2\/comments?post=145822"}],"version-history":[{"count":0,"href":"https:\/\/www.monblogdefille.com\/blog\/wp-json\/wp\/v2\/posts\/145822\/revisions"}],"wp:featuredmedia":[{"embeddable":true,"href":"https:\/\/www.monblogdefille.com\/blog\/wp-json\/wp\/v2\/media\/145824"}],"wp:attachment":[{"href":"https:\/\/www.monblogdefille.com\/blog\/wp-json\/wp\/v2\/media?parent=145822"}],"wp:term":[{"taxonomy":"category","embeddable":true,"href":"https:\/\/www.monblogdefille.com\/blog\/wp-json\/wp\/v2\/categories?post=145822"},{"taxonomy":"post_tag","embeddable":true,"href":"https:\/\/www.monblogdefille.com\/blog\/wp-json\/wp\/v2\/tags?post=145822"}],"curies":[{"name":"wp","href":"https:\/\/api.w.org\/{rel}","templated":true}]}}