{"id":145686,"date":"2013-09-02T09:04:47","date_gmt":"2013-09-02T07:04:47","guid":{"rendered":"http:\/\/www.monblogdefille.com\/blog\/?p=145686"},"modified":"2013-09-05T10:00:44","modified_gmt":"2013-09-05T08:00:44","slug":"gloss-ou-rouge-a-levres","status":"publish","type":"post","link":"https:\/\/www.monblogdefille.com\/blog\/gloss-ou-rouge-a-levres\/","title":{"rendered":"Rouge \u00e0 l\u00e8vres ou gloss ?"},"content":{"rendered":"<p><a href=\"http:\/\/www.monblogdefille.com\/blog\/wp-content\/uploads\/2013\/08\/rouge-\u00e0-l\u00e8vres-ou-gloss1.jpg\"><img loading=\"lazy\" decoding=\"async\" class=\"alignnone size-full wp-image-145691\" alt=\"rouge \u00e0 l\u00e8vres ou gloss\" src=\"http:\/\/www.monblogdefille.com\/blog\/wp-content\/uploads\/2013\/08\/rouge-\u00e0-l\u00e8vres-ou-gloss1.jpg\" width=\"600\" height=\"436\" srcset=\"https:\/\/www.monblogdefille.com\/blog\/wp-content\/uploads\/2013\/08\/rouge-\u00e0-l\u00e8vres-ou-gloss1.jpg 600w, https:\/\/www.monblogdefille.com\/blog\/wp-content\/uploads\/2013\/08\/rouge-\u00e0-l\u00e8vres-ou-gloss1-300x218.jpg 300w, https:\/\/www.monblogdefille.com\/blog\/wp-content\/uploads\/2013\/08\/rouge-\u00e0-l\u00e8vres-ou-gloss1-117x85.jpg 117w\" sizes=\"auto, (max-width: 600px) 100vw, 600px\" \/><\/a><\/p>\n<p>Avant je ne portais que du gloss. Je crois que j&rsquo;\u00e9tais \u00ab\u00a0rassur\u00e9e\u00a0\u00bb par le c\u00f4t\u00e9 peu visible (et facile \u00e0 poser) du truc.<\/p>\n<p>Aujourd&rsquo;hui je n&rsquo;en porte plus jamais. J&rsquo;adore le rouge \u00e0 l\u00e8vres, que je trouve bien plus confortable et dont je pr\u00e9f\u00e8re le rendu sur les l\u00e8vres (bon OK, je porte majoritairement des nudes donc c\u00f4t\u00e9 discr\u00e9tion j&rsquo;ai pas tellement avanc\u00e9 par rapport au gloss ;-).<\/p>\n<p>(mais quand j&rsquo;ai envie de porter du rouge vif, il ne me viendrait plus \u00e0 l&rsquo;id\u00e9e de le faire sous forme de gloss, ce que je faisais avant)<\/p>\n<p>Je me demande si le gloss n&rsquo;est pas un produit de jeunes filles ou de tr\u00e8s jeunes femmes ? Ca se trouve je suis compl\u00e8tement \u00e0 c\u00f4t\u00e9 de la plaque hein, mais je vois rarement des quadras ou des quinquas sortir un gloss de leur sac pour se remaquiller.<\/p>\n<p>Et puis \u00e9videmment le coup des cheveux qui se collent dedans, c&rsquo;est insupportable ; pas que les miens risquent tellement de me voler dans la figure ;-)), mais le moindre truc qui vole autour de votre visage et qui va se coller dans le gloss, \u00e7a \u00e9nerve.<\/p>\n<p>Vous portez du gloss ou du rouge \u00e0 l\u00e8vres, vous (ou les deux l&rsquo;un sur l&rsquo;autre comme les am\u00e9ricaines) ?<\/p>\n","protected":false},"excerpt":{"rendered":"<p><a href=\"http:\/\/www.monblogdefille.com\/blog\/wp-content\/uploads\/2013\/08\/rouge-\u00e0-l\u00e8vres-ou-gloss1.jpg\"><img loading=\"lazy\" decoding=\"async\" class=\"alignnone size-full wp-image-145691\" alt=\"rouge \u00e0 l\u00e8vres ou gloss\" src=\"http:\/\/www.monblogdefille.com\/blog\/wp-content\/uploads\/2013\/08\/rouge-\u00e0-l\u00e8vres-ou-gloss1.jpg\" width=\"600\" height=\"436\" srcset=\"https:\/\/www.monblogdefille.com\/blog\/wp-content\/uploads\/2013\/08\/rouge-\u00e0-l\u00e8vres-ou-gloss1.jpg 600w, https:\/\/www.monblogdefille.com\/blog\/wp-content\/uploads\/2013\/08\/rouge-\u00e0-l\u00e8vres-ou-gloss1-300x218.jpg 300w, https:\/\/www.monblogdefille.com\/blog\/wp-content\/uploads\/2013\/08\/rouge-\u00e0-l\u00e8vres-ou-gloss1-117x85.jpg 117w\" sizes=\"auto, (max-width: 600px) 100vw, 600px\" \/><\/a><\/p>\n","protected":false},"author":3,"featured_media":145691,"comment_status":"open","ping_status":"open","sticky":false,"template":"","format":"standard","meta":{"footnotes":""},"categories":[1485],"tags":[19938],"class_list":["post-145686","post","type-post","status-publish","format-standard","has-post-thumbnail","hentry","category-le-maquillage","tag-rouge-a-levres"],"_links":{"self":[{"href":"https:\/\/www.monblogdefille.com\/blog\/wp-json\/wp\/v2\/posts\/145686","targetHints":{"allow":["GET"]}}],"collection":[{"href":"https:\/\/www.monblogdefille.com\/blog\/wp-json\/wp\/v2\/posts"}],"about":[{"href":"https:\/\/www.monblogdefille.com\/blog\/wp-json\/wp\/v2\/types\/post"}],"author":[{"embeddable":true,"href":"https:\/\/www.monblogdefille.com\/blog\/wp-json\/wp\/v2\/users\/3"}],"replies":[{"embeddable":true,"href":"https:\/\/www.monblogdefille.com\/blog\/wp-json\/wp\/v2\/comments?post=145686"}],"version-history":[{"count":0,"href":"https:\/\/www.monblogdefille.com\/blog\/wp-json\/wp\/v2\/posts\/145686\/revisions"}],"wp:featuredmedia":[{"embeddable":true,"href":"https:\/\/www.monblogdefille.com\/blog\/wp-json\/wp\/v2\/media\/145691"}],"wp:attachment":[{"href":"https:\/\/www.monblogdefille.com\/blog\/wp-json\/wp\/v2\/media?parent=145686"}],"wp:term":[{"taxonomy":"category","embeddable":true,"href":"https:\/\/www.monblogdefille.com\/blog\/wp-json\/wp\/v2\/categories?post=145686"},{"taxonomy":"post_tag","embeddable":true,"href":"https:\/\/www.monblogdefille.com\/blog\/wp-json\/wp\/v2\/tags?post=145686"}],"curies":[{"name":"wp","href":"https:\/\/api.w.org\/{rel}","templated":true}]}}