{"id":144982,"date":"2013-05-29T09:03:19","date_gmt":"2013-05-29T07:03:19","guid":{"rendered":"http:\/\/www.monblogdefille.com\/blog\/?p=144982"},"modified":"2016-04-28T19:29:28","modified_gmt":"2016-04-28T17:29:28","slug":"les-voiles-yummy","status":"publish","type":"post","link":"https:\/\/www.monblogdefille.com\/blog\/les-voiles-yummy\/","title":{"rendered":"Les Voiles, yummy !"},"content":{"rendered":"<p><a href=\"http:\/\/www.monblogdefille.com\/blog\/wp-content\/uploads\/2013\/05\/les-voiles-1.jpg\"><img loading=\"lazy\" decoding=\"async\" class=\"alignnone size-full wp-image-144983\" alt=\"les voiles 1\" src=\"http:\/\/www.monblogdefille.com\/blog\/wp-content\/uploads\/2013\/05\/les-voiles-1.jpg\" width=\"600\" height=\"446\" srcset=\"https:\/\/www.monblogdefille.com\/blog\/wp-content\/uploads\/2013\/05\/les-voiles-1.jpg 600w, https:\/\/www.monblogdefille.com\/blog\/wp-content\/uploads\/2013\/05\/les-voiles-1-117x87.jpg 117w\" sizes=\"auto, (max-width: 600px) 100vw, 600px\" \/><\/a><\/p>\n<p>Vous vous souvenez du restaurant <a href=\"http:\/\/www.monblogdefille.com\/blog\/j%E2%80%99ai-enfin-dejeune-au-winch\" target=\"_blank\"><strong>le Winch<\/strong><\/a> ? Il \u00e9tait dans le 18\u00e8me et j&rsquo;y allais souvent (j&rsquo;avais notamment une grande passion pour le Breizh Burger ;-).<\/p>\n<p>Il n&rsquo;existe plus mais ses fondateurs ont ouvert une nouvelle adresse, cette fois dans le 17\u00e8me, qui est largement aussi r\u00e9ussie.<\/p>\n<p>On y a d\u00een\u00e9 avec ma ch\u00e8re <a href=\"http:\/\/ilovestilettos.eu\/\" target=\"_blank\" rel=\"noopener\"><strong>Miss Nahn<\/strong><\/a>, et je pense pouvoir parler pour nous deux on disant qu&rsquo;on a beaucoup appr\u00e9ci\u00e9 !<\/p>\n<p>Le service est ADORABLE, la d\u00e9co maritime tr\u00e8s jolie et chaleureuse (il y a m\u00eame une chemin\u00e9e !!), c&rsquo;est confortable et spacieux, on n&rsquo;est pas assis sur les genoux de ses voisins comme trop souvent \u00e0 dans les restos \u00e0 Paris.<br \/>\nEt la cuisine &#8211; de la mer mais si vous d\u00e9testez \u00e7a ils ont aussi de la bonne viande ;-) &#8211; est d\u00e9licieuse.<\/p>\n<p><a href=\"http:\/\/www.monblogdefille.com\/blog\/wp-content\/uploads\/2013\/05\/les-voiles-4.jpg\"><img loading=\"lazy\" decoding=\"async\" class=\"alignnone size-full wp-image-144988\" alt=\"les voiles 4\" src=\"http:\/\/www.monblogdefille.com\/blog\/wp-content\/uploads\/2013\/05\/les-voiles-4.jpg\" width=\"600\" height=\"475\" \/><\/a><\/p>\n<p>On a pris toutes les deux le <strong>hot dog au homard<\/strong> : avec une petite cr\u00e8me au combava dans un pain au sarrasin fait maison, il est vraiment hyyyyper bon, plein de saveurs raffin\u00e9es ! Je vous le conseille \u00e0 mort s&rsquo;il est \u00e0 la carte le jour o\u00f9 vous y allez !<\/p>\n<p>Je n&rsquo;ai pas fait dans l&rsquo;originalit\u00e9 en entr\u00e9e puisque j&rsquo;ai pris les <strong>coques<\/strong> que j&rsquo;aimais d\u00e9j\u00e0 au Winch ;-) Et le <strong>velout\u00e9 froid de petits poi<\/strong>s de Miss Nahn a eu l&rsquo;air de beaucoup lui plaire (Miss Nahn adore les petits pois, en plus des chaussures et du vernis \u00e0 ongles ;-).<\/p>\n<p>Pour les desserts je ne peux m\u00eame pas vous donner son point de vue (moi je n&rsquo;en mange pas, je n&rsquo;aime pas le sucre), tout bec sucr\u00e9 qu&rsquo;elle est, elle a comme moi craqu\u00e9 pour les <strong>fromages<\/strong> (il faut dire qu&rsquo;ils viennent de chez Jean-Yves Bordier, comme c&rsquo;\u00e9tait d\u00e9j\u00e0 le cas au Winch, et sont parfaits).<\/p>\n<p>Il y a un menu 2 plats \u00e0 29 \u20ac le soir (34 \u20ac pour 3 plats) (\u00e0 midi, 19 \u20ac et 23 \u20ac) : pour le quartier et le type de cuisine c&rsquo;est un excellent rapport qualit\u00e9-prix, surtout avec un accueil aussi gentil et attentionn\u00e9.<\/p>\n<p>Si vous habitez dans le coin, essayez, \u00e7a vaut vraiment le coup !<\/p>\n<p><strong>Les Voiles<\/strong><br \/>\n18 rue Pierre Demours<br \/>\n75017 Paris<br \/>\n01 45 72 28 51<br \/>\nM\u00e9tro Ternes<br \/>\nOuvert tous les jours<\/p>\n<p><em>(oui mes photos ne sont pas terribles, je les ai prises de nuit sans flash &#8211; j&rsquo;aime pas les photos au flash ;-)<\/em><\/p>\n","protected":false},"excerpt":{"rendered":"<p><a href=\"http:\/\/www.monblogdefille.com\/blog\/wp-content\/uploads\/2013\/05\/les-voiles-1.jpg\"><img loading=\"lazy\" decoding=\"async\" class=\"alignnone size-full wp-image-144983\" alt=\"les voiles 1\" src=\"http:\/\/www.monblogdefille.com\/blog\/wp-content\/uploads\/2013\/05\/les-voiles-1.jpg\" width=\"600\" height=\"446\" srcset=\"https:\/\/www.monblogdefille.com\/blog\/wp-content\/uploads\/2013\/05\/les-voiles-1.jpg 600w, https:\/\/www.monblogdefille.com\/blog\/wp-content\/uploads\/2013\/05\/les-voiles-1-117x87.jpg 117w\" sizes=\"auto, (max-width: 600px) 100vw, 600px\" \/><\/a><\/p>\n","protected":false},"author":3,"featured_media":144983,"comment_status":"open","ping_status":"open","sticky":false,"template":"","format":"standard","meta":{"footnotes":""},"categories":[20176],"tags":[20001],"class_list":["post-144982","post","type-post","status-publish","format-standard","has-post-thumbnail","hentry","category-lifestyle","tag-restos-parisiens"],"_links":{"self":[{"href":"https:\/\/www.monblogdefille.com\/blog\/wp-json\/wp\/v2\/posts\/144982","targetHints":{"allow":["GET"]}}],"collection":[{"href":"https:\/\/www.monblogdefille.com\/blog\/wp-json\/wp\/v2\/posts"}],"about":[{"href":"https:\/\/www.monblogdefille.com\/blog\/wp-json\/wp\/v2\/types\/post"}],"author":[{"embeddable":true,"href":"https:\/\/www.monblogdefille.com\/blog\/wp-json\/wp\/v2\/users\/3"}],"replies":[{"embeddable":true,"href":"https:\/\/www.monblogdefille.com\/blog\/wp-json\/wp\/v2\/comments?post=144982"}],"version-history":[{"count":0,"href":"https:\/\/www.monblogdefille.com\/blog\/wp-json\/wp\/v2\/posts\/144982\/revisions"}],"wp:featuredmedia":[{"embeddable":true,"href":"https:\/\/www.monblogdefille.com\/blog\/wp-json\/wp\/v2\/media\/144983"}],"wp:attachment":[{"href":"https:\/\/www.monblogdefille.com\/blog\/wp-json\/wp\/v2\/media?parent=144982"}],"wp:term":[{"taxonomy":"category","embeddable":true,"href":"https:\/\/www.monblogdefille.com\/blog\/wp-json\/wp\/v2\/categories?post=144982"},{"taxonomy":"post_tag","embeddable":true,"href":"https:\/\/www.monblogdefille.com\/blog\/wp-json\/wp\/v2\/tags?post=144982"}],"curies":[{"name":"wp","href":"https:\/\/api.w.org\/{rel}","templated":true}]}}