{"id":144895,"date":"2013-05-22T09:03:00","date_gmt":"2013-05-22T07:03:00","guid":{"rendered":"http:\/\/www.monblogdefille.com\/blog\/?p=144895"},"modified":"2013-05-26T10:51:22","modified_gmt":"2013-05-26T08:51:22","slug":"le-meilleur-anti-cernes-du-monde","status":"publish","type":"post","link":"https:\/\/www.monblogdefille.com\/blog\/le-meilleur-anti-cernes-du-monde\/","title":{"rendered":"Le meilleur anti cernes du monde ?"},"content":{"rendered":"<p><a href=\"http:\/\/www.monblogdefille.com\/blog\/wp-content\/uploads\/2013\/04\/anti-cernes-nars.jpg\"><img loading=\"lazy\" decoding=\"async\" class=\"alignnone size-full wp-image-144611\" alt=\"anti cernes nars\" src=\"http:\/\/www.monblogdefille.com\/blog\/wp-content\/uploads\/2013\/04\/anti-cernes-nars.jpg\" width=\"600\" height=\"450\" srcset=\"https:\/\/www.monblogdefille.com\/blog\/wp-content\/uploads\/2013\/04\/anti-cernes-nars.jpg 600w, https:\/\/www.monblogdefille.com\/blog\/wp-content\/uploads\/2013\/04\/anti-cernes-nars-117x88.jpg 117w\" sizes=\"auto, (max-width: 600px) 100vw, 600px\" \/><\/a><\/p>\n<p>Je saiiiiiiiiiiiis, <a href=\"http:\/\/www.monblogdefille.com\/blog\/le-nouvel-anti-cernes-de-nars\" target=\"_blank\"><b>j&rsquo;arr\u00eate pas de vous bassiner<\/b><\/a> avec <a href=\"http:\/\/tinyurl.com\/jkodz63\" target=\"_blank\" rel=\"noopener\"><b>le nouvel anti cernes de Nars<\/b><\/a> (pour m\u00e9moire, vu que la question arrivera s\u00fbrement, je m\u00e9lange les teintes Custard et Chantilly).<br \/>\nMais plus je l&rsquo;utilise et plus je me dis que c&rsquo;est sans doute un des meilleurs, voire le meilleur, de tous ceux que j&rsquo;ai essay\u00e9s (le meilleur POUR MOI, mes cernes \u00e0 moi et ma peau \u00e0 moi, on est bien d&rsquo;accord ;-).<\/p>\n<p>Et j&rsquo;en ai essay\u00e9 un paquet, regardez <a href=\"http:\/\/www.monblogdefille.com\/blog\/lanti-cerne-meilleur-ami-de-la-femme-apres-le-diamant\" target=\"_blank\"><b>ce billet<\/b><\/a> qui date du 20 octobre 2005, soit il y a 7 ans et demi : 11 jours apr\u00e8s l&rsquo;ouverture de mon blog je parlais d\u00e9j\u00e0 d&rsquo;anti cernes ;-)<\/p>\n<p>J&rsquo;ai d\u00e9couvert une nouvelle qualit\u00e9 \u00e0 celui de Nars (en plus de la couvrance et du fait qu&rsquo;il ne file pas dans les plis) : il n&rsquo;a pas besoin d&rsquo;\u00eatre poudr\u00e9. C&rsquo;est \u00e0 dire que si on veut le poudrer, on peut, mais un jour j&rsquo;ai oubli\u00e9 de le faire et il n&rsquo;a pas boug\u00e9 DU TOUT. Mais vraiment pas. Le truc qui n&rsquo;existe pas, normalement. Ou alors qui existe chez des anti cernes qui dess\u00e8chent le dessous d&rsquo;oeil. Lui ne dess\u00e8che pas, et pourtant il tient. Assez impressionnant.<\/p>\n<p>Bref. C&rsquo;est quoi pour vous le meilleur anti cernes du monde ?<\/p>\n","protected":false},"excerpt":{"rendered":"<p><a href=\"http:\/\/www.monblogdefille.com\/blog\/wp-content\/uploads\/2013\/04\/anti-cernes-nars.jpg\"><img loading=\"lazy\" decoding=\"async\" class=\"alignnone size-full wp-image-144611\" alt=\"anti cernes nars\" src=\"http:\/\/www.monblogdefille.com\/blog\/wp-content\/uploads\/2013\/04\/anti-cernes-nars.jpg\" width=\"600\" height=\"450\" srcset=\"https:\/\/www.monblogdefille.com\/blog\/wp-content\/uploads\/2013\/04\/anti-cernes-nars.jpg 600w, https:\/\/www.monblogdefille.com\/blog\/wp-content\/uploads\/2013\/04\/anti-cernes-nars-117x88.jpg 117w\" sizes=\"auto, (max-width: 600px) 100vw, 600px\" \/><\/a><\/p>\n","protected":false},"author":3,"featured_media":144611,"comment_status":"open","ping_status":"open","sticky":false,"template":"","format":"standard","meta":{"footnotes":""},"categories":[1485],"tags":[20093,19975],"class_list":["post-144895","post","type-post","status-publish","format-standard","has-post-thumbnail","hentry","category-le-maquillage","tag-anti-cernes","tag-teint-parfait"],"_links":{"self":[{"href":"https:\/\/www.monblogdefille.com\/blog\/wp-json\/wp\/v2\/posts\/144895","targetHints":{"allow":["GET"]}}],"collection":[{"href":"https:\/\/www.monblogdefille.com\/blog\/wp-json\/wp\/v2\/posts"}],"about":[{"href":"https:\/\/www.monblogdefille.com\/blog\/wp-json\/wp\/v2\/types\/post"}],"author":[{"embeddable":true,"href":"https:\/\/www.monblogdefille.com\/blog\/wp-json\/wp\/v2\/users\/3"}],"replies":[{"embeddable":true,"href":"https:\/\/www.monblogdefille.com\/blog\/wp-json\/wp\/v2\/comments?post=144895"}],"version-history":[{"count":0,"href":"https:\/\/www.monblogdefille.com\/blog\/wp-json\/wp\/v2\/posts\/144895\/revisions"}],"wp:featuredmedia":[{"embeddable":true,"href":"https:\/\/www.monblogdefille.com\/blog\/wp-json\/wp\/v2\/media\/144611"}],"wp:attachment":[{"href":"https:\/\/www.monblogdefille.com\/blog\/wp-json\/wp\/v2\/media?parent=144895"}],"wp:term":[{"taxonomy":"category","embeddable":true,"href":"https:\/\/www.monblogdefille.com\/blog\/wp-json\/wp\/v2\/categories?post=144895"},{"taxonomy":"post_tag","embeddable":true,"href":"https:\/\/www.monblogdefille.com\/blog\/wp-json\/wp\/v2\/tags?post=144895"}],"curies":[{"name":"wp","href":"https:\/\/api.w.org\/{rel}","templated":true}]}}